{"id":3595,"date":"2023-02-18T17:21:57","date_gmt":"2023-02-18T16:21:57","guid":{"rendered":"https:\/\/calendula.hu\/?p=3595"},"modified":"2026-04-27T12:22:10","modified_gmt":"2026-04-27T10:22:10","slug":"plazmaterapia","status":"publish","type":"post","link":"https:\/\/calendula.hu\/en\/plazmaterapia\/","title":{"rendered":"Plasma therapy"},"content":{"rendered":"<div data-elementor-type=\"wp-post\" data-elementor-id=\"3595\" class=\"elementor elementor-3595\" data-elementor-post-type=\"post\">\n\t\t\t\t<div class=\"elementor-element elementor-element-613b4680 e-ecs-flex e-flex e-con-boxed e-con e-parent\" data-id=\"613b4680\" data-element_type=\"container\" data-e-type=\"container\" data-settings=\"{&quot;ecs_container_type&quot;:&quot;flex&quot;}\">\n\t\t\t\t\t<div class=\"e-con-inner\">\n\t\t\t\t<div class=\"elementor-element elementor-element-5a41afb elementor-widget elementor-widget-text-editor\" data-id=\"5a41afb\" data-element_type=\"widget\" data-e-type=\"widget\" data-widget_type=\"text-editor.default\">\n\t\t\t\t<div class=\"elementor-widget-container\">\n\t\t\t\t\t\t\t\t\t<p>Plasma therapy (Platelet-Rich Plasma, PRP) is a modern field of regenerative medicine that involves treatment using the patient\u2019s own blood enriched with platelets; its essence is that platelets play a role in the regeneration and healing of damaged tissues. Platelet-rich plasma contains 3\u20135 times more growth factors and biologically active proteins than whole blood.\u00a0\u00a0<\/p>\t\t\t\t\t\t\t\t<\/div>\n\t\t\t\t<\/div>\n\t\t\t\t<div class=\"elementor-element elementor-element-7a67eff elementor-widget elementor-widget-heading\" data-id=\"7a67eff\" data-element_type=\"widget\" data-e-type=\"widget\" data-widget_type=\"heading.default\">\n\t\t\t\t<div class=\"elementor-widget-container\">\n\t\t\t\t\t<h2 class=\"elementor-heading-title elementor-size-default\"> Main areas of application of PRP therapy:\n<\/h2>\t\t\t\t<\/div>\n\t\t\t\t<\/div>\n\t\t\t\t<div class=\"elementor-element elementor-element-d6ed9ac elementor-icon-list--layout-traditional elementor-list-item-link-full_width elementor-widget elementor-widget-icon-list\" data-id=\"d6ed9ac\" data-element_type=\"widget\" data-e-type=\"widget\" data-widget_type=\"icon-list.default\">\n\t\t\t\t<div class=\"elementor-widget-container\">\n\t\t\t\t\t\t\t<ul class=\"elementor-icon-list-items\">\n\t\t\t\t\t\t\t<li class=\"elementor-icon-list-item\">\n\t\t\t\t\t\t\t\t\t\t\t<span class=\"elementor-icon-list-icon\">\n\t\t\t\t\t\t\t<i aria-hidden=\"true\" class=\"fas fa-check\"><\/i>\t\t\t\t\t\t<\/span>\n\t\t\t\t\t\t\t\t\t\t<span class=\"elementor-icon-list-text\">Joint degeneration: knee, shoulder, hip, and small joint complaints<\/span>\n\t\t\t\t\t\t\t\t\t<\/li>\n\t\t\t\t\t\t\t\t<li class=\"elementor-icon-list-item\">\n\t\t\t\t\t\t\t\t\t\t\t<span class=\"elementor-icon-list-icon\">\n\t\t\t\t\t\t\t<i aria-hidden=\"true\" class=\"fas fa-check\"><\/i>\t\t\t\t\t\t<\/span>\n\t\t\t\t\t\t\t\t\t\t<span class=\"elementor-icon-list-text\">Tendon inflammations: tennis elbow, golfer\u2019s elbow, Achilles tendon inflammation<\/span>\n\t\t\t\t\t\t\t\t\t<\/li>\n\t\t\t\t\t\t\t\t<li class=\"elementor-icon-list-item\">\n\t\t\t\t\t\t\t\t\t\t\t<span class=\"elementor-icon-list-icon\">\n\t\t\t\t\t\t\t<i aria-hidden=\"true\" class=\"fas fa-check\"><\/i>\t\t\t\t\t\t<\/span>\n\t\t\t\t\t\t\t\t\t\t<span class=\"elementor-icon-list-text\">Ligament injuries, partial ligament tears<\/span>\n\t\t\t\t\t\t\t\t\t<\/li>\n\t\t\t\t\t\t\t\t<li class=\"elementor-icon-list-item\">\n\t\t\t\t\t\t\t\t\t\t\t<span class=\"elementor-icon-list-icon\">\n\t\t\t\t\t\t\t<i aria-hidden=\"true\" class=\"fas fa-chevron-right\"><\/i>\t\t\t\t\t\t<\/span>\n\t\t\t\t\t\t\t\t\t\t<span class=\"elementor-icon-list-text\">polyneuropathy, neuralgia, nerve pain<\/span>\n\t\t\t\t\t\t\t\t\t<\/li>\n\t\t\t\t\t\t\t\t<li class=\"elementor-icon-list-item\">\n\t\t\t\t\t\t\t\t\t\t\t<span class=\"elementor-icon-list-icon\">\n\t\t\t\t\t\t\t<i aria-hidden=\"true\" class=\"fas fa-chevron-right\"><\/i>\t\t\t\t\t\t<\/span>\n\t\t\t\t\t\t\t\t\t\t<span class=\"elementor-icon-list-text\">postoperative rehabilitation<\/span>\n\t\t\t\t\t\t\t\t\t<\/li>\n\t\t\t\t\t\t\t\t<li class=\"elementor-icon-list-item\">\n\t\t\t\t\t\t\t\t\t\t\t<span class=\"elementor-icon-list-icon\">\n\t\t\t\t\t\t\t<i aria-hidden=\"true\" class=\"fas fa-check\"><\/i>\t\t\t\t\t\t<\/span>\n\t\t\t\t\t\t\t\t\t\t<span class=\"elementor-icon-list-text\">disc herniation, cervical and thoracic pain<\/span>\n\t\t\t\t\t\t\t\t\t<\/li>\n\t\t\t\t\t\t\t\t<li class=\"elementor-icon-list-item\">\n\t\t\t\t\t\t\t\t\t\t\t<span class=\"elementor-icon-list-icon\">\n\t\t\t\t\t\t\t<i aria-hidden=\"true\" class=\"fas fa-check\"><\/i>\t\t\t\t\t\t<\/span>\n\t\t\t\t\t\t\t\t\t\t<span class=\"elementor-icon-list-text\">aesthetic treatments, rejuvenation of the skin of the face, neck and d\u00e9collet\u00e9<\/span>\n\t\t\t\t\t\t\t\t\t<\/li>\n\t\t\t\t\t\t\t\t<li class=\"elementor-icon-list-item\">\n\t\t\t\t\t\t\t\t\t\t\t<span class=\"elementor-icon-list-icon\">\n\t\t\t\t\t\t\t<i aria-hidden=\"true\" class=\"fas fa-check\"><\/i>\t\t\t\t\t\t<\/span>\n\t\t\t\t\t\t\t\t\t\t<span class=\"elementor-icon-list-text\">treatment of hair loss<\/span>\n\t\t\t\t\t\t\t\t\t<\/li>\n\t\t\t\t\t\t\t\t<li class=\"elementor-icon-list-item\">\n\t\t\t\t\t\t\t\t\t\t\t<span class=\"elementor-icon-list-icon\">\n\t\t\t\t\t\t\t<i aria-hidden=\"true\" class=\"fas fa-check\"><\/i>\t\t\t\t\t\t<\/span>\n\t\t\t\t\t\t\t\t\t\t<span class=\"elementor-icon-list-text\">adjunct treatment of eye injuries<\/span>\n\t\t\t\t\t\t\t\t\t<\/li>\n\t\t\t\t\t\t<\/ul>\n\t\t\t\t\t\t<\/div>\n\t\t\t\t<\/div>\n\t\t\t\t<div class=\"elementor-element elementor-element-39e6209 elementor-widget elementor-widget-heading\" data-id=\"39e6209\" data-element_type=\"widget\" data-e-type=\"widget\" data-widget_type=\"heading.default\">\n\t\t\t\t<div class=\"elementor-widget-container\">\n\t\t\t\t\t<h2 class=\"elementor-heading-title elementor-size-default\">The course of treatment<\/h2>\t\t\t\t<\/div>\n\t\t\t\t<\/div>\n\t\t\t\t<div class=\"elementor-element elementor-element-102857c9 elementor-widget elementor-widget-text-editor\" data-id=\"102857c9\" data-element_type=\"widget\" data-e-type=\"widget\" data-widget_type=\"text-editor.default\">\n\t\t\t\t<div class=\"elementor-widget-container\">\n\t\t\t\t\t\t\t\t\t<p>A blood sample is taken from the patient\u2019s vein and then centrifuged. This platelet-rich blood plasma is injected directly into the affected areas. This helps reduce inflammation and promotes tissue regeneration.<\/p><p>PRP therapy is considered a natural treatment.<\/p><p>The procedure is safe because the plasma contains components of the patient\u2019s own blood. This eliminates allergic reactions and other side effects. The effect of the treatment develops slowly over several weeks. The frequency of the treatment is determined by the physician.\u00a0<\/p>\t\t\t\t\t\t\t\t<\/div>\n\t\t\t\t<\/div>\n\t\t\t\t\t<\/div>\n\t\t\t\t<\/div>\n\t\t<div class=\"elementor-element elementor-element-2b0cab0 e-ecs-flex e-flex e-con-boxed e-con e-parent\" data-id=\"2b0cab0\" data-element_type=\"container\" data-e-type=\"container\" data-settings=\"{&quot;ecs_container_type&quot;:&quot;flex&quot;}\">\n\t\t\t\t\t<div class=\"e-con-inner\">\n\t\t\t\t<div class=\"elementor-element elementor-element-6662311 elementor-align-center elementor-widget elementor-widget-button\" data-id=\"6662311\" data-element_type=\"widget\" data-e-type=\"widget\" data-widget_type=\"button.default\">\n\t\t\t\t<div class=\"elementor-widget-container\">\n\t\t\t\t\t\t\t\t\t<div class=\"elementor-button-wrapper\">\n\t\t\t\t\t<a class=\"elementor-button elementor-button-link elementor-size-sm\" href=\"https:\/\/calendula.hu\/en\/kapcsolat\/\">\n\t\t\t\t\t\t<span class=\"elementor-button-content-wrapper\">\n\t\t\t\t\t\t\t\t\t<span class=\"elementor-button-text\">BOOK AN APPOINTMENT<\/span>\n\t\t\t\t\t<\/span>\n\t\t\t\t\t<\/a>\n\t\t\t\t<\/div>\n\t\t\t\t\t\t\t\t<\/div>\n\t\t\t\t<\/div>\n\t\t\t\t\t<\/div>\n\t\t\t\t<\/div>\n\t\t\t\t<\/div>","protected":false},"excerpt":{"rendered":"<p>A plazmater\u00e1pia (Patelet Rich Plasma, PRP) a regener\u00e1ci\u00f3s gy\u00f3gy\u00e1szat modern ter\u00fclete, amely a v\u00e9rlemezk\u00e9kkel d\u00fas\u00edtott saj\u00e1t v\u00e9rkezel\u00e9s; l\u00e9nyege a trombocit\u00e1k r\u00e9szt vesznek a s\u00e9r\u00fclt sz\u00f6vetek regen\u00e1r\u00e1ci\u00f3j\u00e1ban \u00e9s gy\u00f3gyul\u00e1sban.\u00a0 A v\u00e9rlemezk\u00e9kben gazdag plazma 3-5x t\u00f6bb n\u00f6veked\u00e9si faktort \u00e9s biol\u00f3giailag t\u00f6bb feh\u00e9rj\u00e9t tartalmaz, mint a teljes v\u00e9r.\u00a0\u00a0 A PRP ter\u00e1pia f\u0151 alkalmaz\u00e1si ter\u00fcletei: Iz\u00fcleti kop\u00e1sok: t\u00e9rd, v\u00e1ll, [&hellip;]<\/p>\n","protected":false},"author":9,"featured_media":4894,"comment_status":"closed","ping_status":"closed","sticky":false,"template":"","format":"standard","meta":{"footnotes":""},"categories":[50],"tags":[],"class_list":["post-3595","post","type-post","status-publish","format-standard","has-post-thumbnail","hentry","category-kiegeszito-terapiak"],"yoast_head":"<!-- This site is optimized with the Yoast SEO Premium plugin v19.5 (Yoast SEO v27.5) - https:\/\/yoast.com\/product\/yoast-seo-premium-wordpress\/ -->\n<title>Plazmater\u00e1pia - Calendula Klinika - Si\u00f3fok<\/title>\n<meta name=\"description\" content=\"A plazmater\u00e1pia (Patelet Rich Plasma, PRP) a regener\u00e1l\u00f3 gy\u00f3gy\u00e1szat modern ter\u00fclete, amely a v\u00e9rlemezk\u00e9kkel d\u00fas\u00edtott beteg v\u00e9rplazm\u00e1j\u00e1nak injekt\u00e1l\u00e1sa. A v\u00e9rlemezk\u00e9k v\u00e9rsejtek, kicsi v\u00e9rlemezek, amelyek felel\u0151sek annak v\u00e9ralvad\u00e1s\u00e1\u00e9rt. R\u00e9szt vesznek a s\u00e9r\u00fclt sz\u00f6vetek jav\u00edt\u00e1s\u00e1ban \u00e9s a sebgy\u00f3gyul\u00e1sban a fokozott sejtregener\u00e1ci\u00f3 miatt. A v\u00e9rlemezk\u00e9kben gazdag plazma 3-5-szer t\u00f6bb n\u00f6veked\u00e9si faktort, biol\u00f3giailag akt\u00edv feh\u00e9rj\u00e9t tartalmaz, mint a teljes v\u00e9r.A plazmater\u00e1pia m\u00f3dszer\u00e9t az orvostudom\u00e1ny k\u00fcl\u00f6nf\u00e9le \u00e1gaiban \u2013 kozmetol\u00f3gia, ortop\u00e9dia \u00e9s neurol\u00f3gia \u2013 haszn\u00e1lj\u00e1k. A CALENDULA-n\u00e1l olyan betegek sz\u00e1m\u00e1ra \u00edrj\u00e1k fel, akik izom-csontrendszeri rendelleness\u00e9ggel k\u00fczdenek.\" \/>\n<meta name=\"robots\" content=\"index, follow, max-snippet:-1, max-image-preview:large, max-video-preview:-1\" \/>\n<link rel=\"canonical\" href=\"https:\/\/calendula.hu\/en\/plazmaterapia\/\" \/>\n<meta property=\"og:locale\" content=\"en_GB\" \/>\n<meta property=\"og:type\" content=\"article\" \/>\n<meta property=\"og:title\" content=\"Plazmater\u00e1pia\" \/>\n<meta property=\"og:description\" content=\"A plazmater\u00e1pia (Patelet Rich Plasma, PRP) a regener\u00e1l\u00f3 gy\u00f3gy\u00e1szat modern ter\u00fclete, amely a v\u00e9rlemezk\u00e9kkel d\u00fas\u00edtott beteg v\u00e9rplazm\u00e1j\u00e1nak injekt\u00e1l\u00e1sa. A v\u00e9rlemezk\u00e9k v\u00e9rsejtek, kicsi v\u00e9rlemezek, amelyek felel\u0151sek annak v\u00e9ralvad\u00e1s\u00e1\u00e9rt. R\u00e9szt vesznek a s\u00e9r\u00fclt sz\u00f6vetek jav\u00edt\u00e1s\u00e1ban \u00e9s a sebgy\u00f3gyul\u00e1sban a fokozott sejtregener\u00e1ci\u00f3 miatt. A v\u00e9rlemezk\u00e9kben gazdag plazma 3-5-szer t\u00f6bb n\u00f6veked\u00e9si faktort, biol\u00f3giailag akt\u00edv feh\u00e9rj\u00e9t tartalmaz, mint a teljes v\u00e9r.A plazmater\u00e1pia m\u00f3dszer\u00e9t az orvostudom\u00e1ny k\u00fcl\u00f6nf\u00e9le \u00e1gaiban \u2013 kozmetol\u00f3gia, ortop\u00e9dia \u00e9s neurol\u00f3gia \u2013 haszn\u00e1lj\u00e1k. A CALENDULA-n\u00e1l olyan betegek sz\u00e1m\u00e1ra \u00edrj\u00e1k fel, akik izom-csontrendszeri rendelleness\u00e9ggel k\u00fczdenek.\" \/>\n<meta property=\"og:url\" content=\"https:\/\/calendula.hu\/en\/plazmaterapia\/\" \/>\n<meta property=\"og:site_name\" content=\"Calendula Klinika - Si\u00f3fok\" \/>\n<meta property=\"article:published_time\" content=\"2023-02-18T16:21:57+00:00\" \/>\n<meta property=\"article:modified_time\" content=\"2026-04-27T10:22:10+00:00\" \/>\n<meta property=\"og:image\" content=\"https:\/\/calendula.hu\/wp-content\/uploads\/2023\/02\/B7B_7851-scaled.jpg\" \/>\n\t<meta property=\"og:image:width\" content=\"1920\" \/>\n\t<meta property=\"og:image:height\" content=\"1282\" \/>\n\t<meta property=\"og:image:type\" content=\"image\/jpeg\" \/>\n<meta name=\"author\" content=\"Calendula\" \/>\n<meta name=\"twitter:card\" content=\"summary_large_image\" \/>\n<meta name=\"twitter:label1\" content=\"Written by\" \/>\n\t<meta name=\"twitter:data1\" content=\"Calendula\" \/>\n\t<meta name=\"twitter:label2\" content=\"Estimated reading time\" \/>\n\t<meta name=\"twitter:data2\" content=\"1 minute\" \/>\n<script type=\"application\/ld+json\" class=\"yoast-schema-graph\">{\"@context\":\"https:\\\/\\\/schema.org\",\"@graph\":[{\"@type\":\"Article\",\"@id\":\"https:\\\/\\\/calendula.hu\\\/plazmaterapia\\\/#article\",\"isPartOf\":{\"@id\":\"https:\\\/\\\/calendula.hu\\\/plazmaterapia\\\/\"},\"author\":{\"name\":\"Calendula\",\"@id\":\"https:\\\/\\\/calendula.hu\\\/#\\\/schema\\\/person\\\/998d88d990182b1b0a239208cce19f7f\"},\"headline\":\"Plazmater\u00e1pia\",\"datePublished\":\"2023-02-18T16:21:57+00:00\",\"dateModified\":\"2026-04-27T10:22:10+00:00\",\"mainEntityOfPage\":{\"@id\":\"https:\\\/\\\/calendula.hu\\\/plazmaterapia\\\/\"},\"wordCount\":296,\"image\":{\"@id\":\"https:\\\/\\\/calendula.hu\\\/plazmaterapia\\\/#primaryimage\"},\"thumbnailUrl\":\"https:\\\/\\\/calendula.hu\\\/wp-content\\\/uploads\\\/2023\\\/02\\\/B7B_7851-scaled.jpg\",\"articleSection\":[\"Kieg\u00e9sz\u00edt\u0151 ter\u00e1pi\u00e1k\"],\"inLanguage\":\"en-GB\"},{\"@type\":\"WebPage\",\"@id\":\"https:\\\/\\\/calendula.hu\\\/plazmaterapia\\\/\",\"url\":\"https:\\\/\\\/calendula.hu\\\/plazmaterapia\\\/\",\"name\":\"Plazmater\u00e1pia - Calendula Klinika - Si\u00f3fok\",\"isPartOf\":{\"@id\":\"https:\\\/\\\/calendula.hu\\\/#website\"},\"primaryImageOfPage\":{\"@id\":\"https:\\\/\\\/calendula.hu\\\/plazmaterapia\\\/#primaryimage\"},\"image\":{\"@id\":\"https:\\\/\\\/calendula.hu\\\/plazmaterapia\\\/#primaryimage\"},\"thumbnailUrl\":\"https:\\\/\\\/calendula.hu\\\/wp-content\\\/uploads\\\/2023\\\/02\\\/B7B_7851-scaled.jpg\",\"datePublished\":\"2023-02-18T16:21:57+00:00\",\"dateModified\":\"2026-04-27T10:22:10+00:00\",\"author\":{\"@id\":\"https:\\\/\\\/calendula.hu\\\/#\\\/schema\\\/person\\\/998d88d990182b1b0a239208cce19f7f\"},\"description\":\"A plazmater\u00e1pia (Patelet Rich Plasma, PRP) a regener\u00e1l\u00f3 gy\u00f3gy\u00e1szat modern ter\u00fclete, amely a v\u00e9rlemezk\u00e9kkel d\u00fas\u00edtott beteg v\u00e9rplazm\u00e1j\u00e1nak injekt\u00e1l\u00e1sa. A v\u00e9rlemezk\u00e9k v\u00e9rsejtek, kicsi v\u00e9rlemezek, amelyek felel\u0151sek annak v\u00e9ralvad\u00e1s\u00e1\u00e9rt. R\u00e9szt vesznek a s\u00e9r\u00fclt sz\u00f6vetek jav\u00edt\u00e1s\u00e1ban \u00e9s a sebgy\u00f3gyul\u00e1sban a fokozott sejtregener\u00e1ci\u00f3 miatt. A v\u00e9rlemezk\u00e9kben gazdag plazma 3-5-szer t\u00f6bb n\u00f6veked\u00e9si faktort, biol\u00f3giailag akt\u00edv feh\u00e9rj\u00e9t tartalmaz, mint a teljes v\u00e9r.A plazmater\u00e1pia m\u00f3dszer\u00e9t az orvostudom\u00e1ny k\u00fcl\u00f6nf\u00e9le \u00e1gaiban \u2013 kozmetol\u00f3gia, ortop\u00e9dia \u00e9s neurol\u00f3gia \u2013 haszn\u00e1lj\u00e1k. A CALENDULA-n\u00e1l olyan betegek sz\u00e1m\u00e1ra \u00edrj\u00e1k fel, akik izom-csontrendszeri rendelleness\u00e9ggel k\u00fczdenek.\",\"breadcrumb\":{\"@id\":\"https:\\\/\\\/calendula.hu\\\/plazmaterapia\\\/#breadcrumb\"},\"inLanguage\":\"en-GB\",\"potentialAction\":[{\"@type\":\"ReadAction\",\"target\":[\"https:\\\/\\\/calendula.hu\\\/plazmaterapia\\\/\"]}]},{\"@type\":\"ImageObject\",\"inLanguage\":\"en-GB\",\"@id\":\"https:\\\/\\\/calendula.hu\\\/plazmaterapia\\\/#primaryimage\",\"url\":\"https:\\\/\\\/calendula.hu\\\/wp-content\\\/uploads\\\/2023\\\/02\\\/B7B_7851-scaled.jpg\",\"contentUrl\":\"https:\\\/\\\/calendula.hu\\\/wp-content\\\/uploads\\\/2023\\\/02\\\/B7B_7851-scaled.jpg\",\"width\":1920,\"height\":1282},{\"@type\":\"BreadcrumbList\",\"@id\":\"https:\\\/\\\/calendula.hu\\\/plazmaterapia\\\/#breadcrumb\",\"itemListElement\":[{\"@type\":\"ListItem\",\"position\":1,\"name\":\"Home\",\"item\":\"https:\\\/\\\/calendula.hu\\\/hu\\\/\"},{\"@type\":\"ListItem\",\"position\":2,\"name\":\"Plazmater\u00e1pia\"}]},{\"@type\":\"WebSite\",\"@id\":\"https:\\\/\\\/calendula.hu\\\/#website\",\"url\":\"https:\\\/\\\/calendula.hu\\\/\",\"name\":\"Calendula Klinika - Si\u00f3fok\",\"description\":\"\",\"potentialAction\":[{\"@type\":\"SearchAction\",\"target\":{\"@type\":\"EntryPoint\",\"urlTemplate\":\"https:\\\/\\\/calendula.hu\\\/?s={search_term_string}\"},\"query-input\":{\"@type\":\"PropertyValueSpecification\",\"valueRequired\":true,\"valueName\":\"search_term_string\"}}],\"inLanguage\":\"en-GB\"},{\"@type\":\"Person\",\"@id\":\"https:\\\/\\\/calendula.hu\\\/#\\\/schema\\\/person\\\/998d88d990182b1b0a239208cce19f7f\",\"name\":\"Calendula\",\"image\":{\"@type\":\"ImageObject\",\"inLanguage\":\"en-GB\",\"@id\":\"https:\\\/\\\/secure.gravatar.com\\\/avatar\\\/249690c24b1161d99c031505025f1c47094231ba25ba1e283905794866d6bb22?s=96&d=mm&r=g\",\"url\":\"https:\\\/\\\/secure.gravatar.com\\\/avatar\\\/249690c24b1161d99c031505025f1c47094231ba25ba1e283905794866d6bb22?s=96&d=mm&r=g\",\"contentUrl\":\"https:\\\/\\\/secure.gravatar.com\\\/avatar\\\/249690c24b1161d99c031505025f1c47094231ba25ba1e283905794866d6bb22?s=96&d=mm&r=g\",\"caption\":\"Calendula\"},\"url\":\"https:\\\/\\\/calendula.hu\\\/en\\\/author\\\/calendula\\\/\"}]}<\/script>\n<!-- \/ Yoast SEO Premium plugin. -->","yoast_head_json":{"title":"Plazmater\u00e1pia - Calendula Klinika - Si\u00f3fok","description":"A plazmater\u00e1pia (Patelet Rich Plasma, PRP) a regener\u00e1l\u00f3 gy\u00f3gy\u00e1szat modern ter\u00fclete, amely a v\u00e9rlemezk\u00e9kkel d\u00fas\u00edtott beteg v\u00e9rplazm\u00e1j\u00e1nak injekt\u00e1l\u00e1sa. A v\u00e9rlemezk\u00e9k v\u00e9rsejtek, kicsi v\u00e9rlemezek, amelyek felel\u0151sek annak v\u00e9ralvad\u00e1s\u00e1\u00e9rt. R\u00e9szt vesznek a s\u00e9r\u00fclt sz\u00f6vetek jav\u00edt\u00e1s\u00e1ban \u00e9s a sebgy\u00f3gyul\u00e1sban a fokozott sejtregener\u00e1ci\u00f3 miatt. A v\u00e9rlemezk\u00e9kben gazdag plazma 3-5-szer t\u00f6bb n\u00f6veked\u00e9si faktort, biol\u00f3giailag akt\u00edv feh\u00e9rj\u00e9t tartalmaz, mint a teljes v\u00e9r.A plazmater\u00e1pia m\u00f3dszer\u00e9t az orvostudom\u00e1ny k\u00fcl\u00f6nf\u00e9le \u00e1gaiban \u2013 kozmetol\u00f3gia, ortop\u00e9dia \u00e9s neurol\u00f3gia \u2013 haszn\u00e1lj\u00e1k. A CALENDULA-n\u00e1l olyan betegek sz\u00e1m\u00e1ra \u00edrj\u00e1k fel, akik izom-csontrendszeri rendelleness\u00e9ggel k\u00fczdenek.","robots":{"index":"index","follow":"follow","max-snippet":"max-snippet:-1","max-image-preview":"max-image-preview:large","max-video-preview":"max-video-preview:-1"},"canonical":"https:\/\/calendula.hu\/en\/plazmaterapia\/","og_locale":"en_GB","og_type":"article","og_title":"Plazmater\u00e1pia","og_description":"A plazmater\u00e1pia (Patelet Rich Plasma, PRP) a regener\u00e1l\u00f3 gy\u00f3gy\u00e1szat modern ter\u00fclete, amely a v\u00e9rlemezk\u00e9kkel d\u00fas\u00edtott beteg v\u00e9rplazm\u00e1j\u00e1nak injekt\u00e1l\u00e1sa. A v\u00e9rlemezk\u00e9k v\u00e9rsejtek, kicsi v\u00e9rlemezek, amelyek felel\u0151sek annak v\u00e9ralvad\u00e1s\u00e1\u00e9rt. R\u00e9szt vesznek a s\u00e9r\u00fclt sz\u00f6vetek jav\u00edt\u00e1s\u00e1ban \u00e9s a sebgy\u00f3gyul\u00e1sban a fokozott sejtregener\u00e1ci\u00f3 miatt. A v\u00e9rlemezk\u00e9kben gazdag plazma 3-5-szer t\u00f6bb n\u00f6veked\u00e9si faktort, biol\u00f3giailag akt\u00edv feh\u00e9rj\u00e9t tartalmaz, mint a teljes v\u00e9r.A plazmater\u00e1pia m\u00f3dszer\u00e9t az orvostudom\u00e1ny k\u00fcl\u00f6nf\u00e9le \u00e1gaiban \u2013 kozmetol\u00f3gia, ortop\u00e9dia \u00e9s neurol\u00f3gia \u2013 haszn\u00e1lj\u00e1k. A CALENDULA-n\u00e1l olyan betegek sz\u00e1m\u00e1ra \u00edrj\u00e1k fel, akik izom-csontrendszeri rendelleness\u00e9ggel k\u00fczdenek.","og_url":"https:\/\/calendula.hu\/en\/plazmaterapia\/","og_site_name":"Calendula Klinika - Si\u00f3fok","article_published_time":"2023-02-18T16:21:57+00:00","article_modified_time":"2026-04-27T10:22:10+00:00","og_image":[{"width":1920,"height":1282,"url":"https:\/\/calendula.hu\/wp-content\/uploads\/2023\/02\/B7B_7851-scaled.jpg","type":"image\/jpeg"}],"author":"Calendula","twitter_card":"summary_large_image","twitter_misc":{"Written by":"Calendula","Estimated reading time":"1 minute"},"schema":{"@context":"https:\/\/schema.org","@graph":[{"@type":"Article","@id":"https:\/\/calendula.hu\/plazmaterapia\/#article","isPartOf":{"@id":"https:\/\/calendula.hu\/plazmaterapia\/"},"author":{"name":"Calendula","@id":"https:\/\/calendula.hu\/#\/schema\/person\/998d88d990182b1b0a239208cce19f7f"},"headline":"Plazmater\u00e1pia","datePublished":"2023-02-18T16:21:57+00:00","dateModified":"2026-04-27T10:22:10+00:00","mainEntityOfPage":{"@id":"https:\/\/calendula.hu\/plazmaterapia\/"},"wordCount":296,"image":{"@id":"https:\/\/calendula.hu\/plazmaterapia\/#primaryimage"},"thumbnailUrl":"https:\/\/calendula.hu\/wp-content\/uploads\/2023\/02\/B7B_7851-scaled.jpg","articleSection":["Kieg\u00e9sz\u00edt\u0151 ter\u00e1pi\u00e1k"],"inLanguage":"en-GB"},{"@type":"WebPage","@id":"https:\/\/calendula.hu\/plazmaterapia\/","url":"https:\/\/calendula.hu\/plazmaterapia\/","name":"Plazmater\u00e1pia - Calendula Klinika - Si\u00f3fok","isPartOf":{"@id":"https:\/\/calendula.hu\/#website"},"primaryImageOfPage":{"@id":"https:\/\/calendula.hu\/plazmaterapia\/#primaryimage"},"image":{"@id":"https:\/\/calendula.hu\/plazmaterapia\/#primaryimage"},"thumbnailUrl":"https:\/\/calendula.hu\/wp-content\/uploads\/2023\/02\/B7B_7851-scaled.jpg","datePublished":"2023-02-18T16:21:57+00:00","dateModified":"2026-04-27T10:22:10+00:00","author":{"@id":"https:\/\/calendula.hu\/#\/schema\/person\/998d88d990182b1b0a239208cce19f7f"},"description":"A plazmater\u00e1pia (Patelet Rich Plasma, PRP) a regener\u00e1l\u00f3 gy\u00f3gy\u00e1szat modern ter\u00fclete, amely a v\u00e9rlemezk\u00e9kkel d\u00fas\u00edtott beteg v\u00e9rplazm\u00e1j\u00e1nak injekt\u00e1l\u00e1sa. A v\u00e9rlemezk\u00e9k v\u00e9rsejtek, kicsi v\u00e9rlemezek, amelyek felel\u0151sek annak v\u00e9ralvad\u00e1s\u00e1\u00e9rt. R\u00e9szt vesznek a s\u00e9r\u00fclt sz\u00f6vetek jav\u00edt\u00e1s\u00e1ban \u00e9s a sebgy\u00f3gyul\u00e1sban a fokozott sejtregener\u00e1ci\u00f3 miatt. A v\u00e9rlemezk\u00e9kben gazdag plazma 3-5-szer t\u00f6bb n\u00f6veked\u00e9si faktort, biol\u00f3giailag akt\u00edv feh\u00e9rj\u00e9t tartalmaz, mint a teljes v\u00e9r.A plazmater\u00e1pia m\u00f3dszer\u00e9t az orvostudom\u00e1ny k\u00fcl\u00f6nf\u00e9le \u00e1gaiban \u2013 kozmetol\u00f3gia, ortop\u00e9dia \u00e9s neurol\u00f3gia \u2013 haszn\u00e1lj\u00e1k. A CALENDULA-n\u00e1l olyan betegek sz\u00e1m\u00e1ra \u00edrj\u00e1k fel, akik izom-csontrendszeri rendelleness\u00e9ggel k\u00fczdenek.","breadcrumb":{"@id":"https:\/\/calendula.hu\/plazmaterapia\/#breadcrumb"},"inLanguage":"en-GB","potentialAction":[{"@type":"ReadAction","target":["https:\/\/calendula.hu\/plazmaterapia\/"]}]},{"@type":"ImageObject","inLanguage":"en-GB","@id":"https:\/\/calendula.hu\/plazmaterapia\/#primaryimage","url":"https:\/\/calendula.hu\/wp-content\/uploads\/2023\/02\/B7B_7851-scaled.jpg","contentUrl":"https:\/\/calendula.hu\/wp-content\/uploads\/2023\/02\/B7B_7851-scaled.jpg","width":1920,"height":1282},{"@type":"BreadcrumbList","@id":"https:\/\/calendula.hu\/plazmaterapia\/#breadcrumb","itemListElement":[{"@type":"ListItem","position":1,"name":"Home","item":"https:\/\/calendula.hu\/hu\/"},{"@type":"ListItem","position":2,"name":"Plazmater\u00e1pia"}]},{"@type":"WebSite","@id":"https:\/\/calendula.hu\/#website","url":"https:\/\/calendula.hu\/","name":"Calendula Clinic - Siofok","description":"","potentialAction":[{"@type":"SearchAction","target":{"@type":"EntryPoint","urlTemplate":"https:\/\/calendula.hu\/?s={search_term_string}"},"query-input":{"@type":"PropertyValueSpecification","valueRequired":true,"valueName":"search_term_string"}}],"inLanguage":"en-GB"},{"@type":"Person","@id":"https:\/\/calendula.hu\/#\/schema\/person\/998d88d990182b1b0a239208cce19f7f","name":"Calendula","image":{"@type":"ImageObject","inLanguage":"en-GB","@id":"https:\/\/secure.gravatar.com\/avatar\/249690c24b1161d99c031505025f1c47094231ba25ba1e283905794866d6bb22?s=96&d=mm&r=g","url":"https:\/\/secure.gravatar.com\/avatar\/249690c24b1161d99c031505025f1c47094231ba25ba1e283905794866d6bb22?s=96&d=mm&r=g","contentUrl":"https:\/\/secure.gravatar.com\/avatar\/249690c24b1161d99c031505025f1c47094231ba25ba1e283905794866d6bb22?s=96&d=mm&r=g","caption":"Calendula"},"url":"https:\/\/calendula.hu\/en\/author\/calendula\/"}]}},"_links":{"self":[{"href":"https:\/\/calendula.hu\/en\/wp-json\/wp\/v2\/posts\/3595","targetHints":{"allow":["GET"]}}],"collection":[{"href":"https:\/\/calendula.hu\/en\/wp-json\/wp\/v2\/posts"}],"about":[{"href":"https:\/\/calendula.hu\/en\/wp-json\/wp\/v2\/types\/post"}],"author":[{"embeddable":true,"href":"https:\/\/calendula.hu\/en\/wp-json\/wp\/v2\/users\/9"}],"replies":[{"embeddable":true,"href":"https:\/\/calendula.hu\/en\/wp-json\/wp\/v2\/comments?post=3595"}],"version-history":[{"count":42,"href":"https:\/\/calendula.hu\/en\/wp-json\/wp\/v2\/posts\/3595\/revisions"}],"predecessor-version":[{"id":13349,"href":"https:\/\/calendula.hu\/en\/wp-json\/wp\/v2\/posts\/3595\/revisions\/13349"}],"wp:featuredmedia":[{"embeddable":true,"href":"https:\/\/calendula.hu\/en\/wp-json\/wp\/v2\/media\/4894"}],"wp:attachment":[{"href":"https:\/\/calendula.hu\/en\/wp-json\/wp\/v2\/media?parent=3595"}],"wp:term":[{"taxonomy":"category","embeddable":true,"href":"https:\/\/calendula.hu\/en\/wp-json\/wp\/v2\/categories?post=3595"},{"taxonomy":"post_tag","embeddable":true,"href":"https:\/\/calendula.hu\/en\/wp-json\/wp\/v2\/tags?post=3595"}],"curies":[{"name":"wp","href":"https:\/\/api.w.org\/{rel}","templated":true}]}}