{"id":2711,"date":"2023-05-27T16:44:45","date_gmt":"2023-05-27T14:44:45","guid":{"rendered":"https:\/\/calendula.hu\/?p=2711"},"modified":"2026-02-18T12:38:30","modified_gmt":"2026-02-18T11:38:30","slug":"5-napos-majtisztitas","status":"publish","type":"post","link":"https:\/\/calendula.hu\/hu\/5-napos-majtisztitas\/","title":{"rendered":"M\u00e1jtiszt\u00edt\u00f3 program"},"content":{"rendered":"\t\t<div data-elementor-type=\"wp-post\" data-elementor-id=\"2711\" class=\"elementor elementor-2711\" data-elementor-post-type=\"post\">\n\t\t\t\t\t\t<section class=\"elementor-section elementor-top-section elementor-element elementor-element-55e17477 elementor-section-boxed elementor-section-height-default elementor-section-height-default\" data-id=\"55e17477\" data-element_type=\"section\" data-e-type=\"section\">\n\t\t\t\t\t\t<div class=\"elementor-container elementor-column-gap-default\">\n\t\t\t\t\t<div class=\"elementor-column elementor-col-100 elementor-top-column elementor-element elementor-element-2da91c9c\" data-id=\"2da91c9c\" data-element_type=\"column\" data-e-type=\"column\">\n\t\t\t<div class=\"elementor-widget-wrap elementor-element-populated\">\n\t\t\t\t\t\t<div class=\"elementor-element elementor-element-c0ef4ee elementor-widget elementor-widget-heading\" data-id=\"c0ef4ee\" data-element_type=\"widget\" data-e-type=\"widget\" data-widget_type=\"heading.default\">\n\t\t\t\t<div class=\"elementor-widget-container\">\n\t\t\t\t\t<h2 class=\"elementor-heading-title elementor-size-default\"><p>72.000 Ft \/ 190 EUR \/ nap \n<br>\nA program m\u00e1rcius 1-t\u0151l foglalhat\u00f3.\n<\/p>\n<\/h2>\t\t\t\t<\/div>\n\t\t\t\t<\/div>\n\t\t\t\t<div class=\"elementor-element elementor-element-62c3368 elementor-widget elementor-widget-heading\" data-id=\"62c3368\" data-element_type=\"widget\" data-e-type=\"widget\" data-widget_type=\"heading.default\">\n\t\t\t\t<div class=\"elementor-widget-container\">\n\t\t\t\t\t<h1 class=\"elementor-heading-title elementor-size-default\">M\u00e1jtiszt\u00edt\u00f3 program \u2013 revitaliz\u00e1l\u00f3 ter\u00e1pia az eg\u00e9szs\u00e9ges m\u00e1j\u00e9rt \u00e9s epevezet\u00e9k\u00e9rt<\/h1>\t\t\t\t<\/div>\n\t\t\t\t<\/div>\n\t\t\t\t<div class=\"elementor-element elementor-element-ced9758 elementor-widget elementor-widget-text-editor\" data-id=\"ced9758\" data-element_type=\"widget\" data-e-type=\"widget\" data-widget_type=\"text-editor.default\">\n\t\t\t\t<div class=\"elementor-widget-container\">\n\t\t\t\t\t\t\t\t\t<p>A m\u00e1j az egyik legfontosabb m\u00e9regtelen\u00edt\u0151 szerv\u00fcnk, amely folyamatosan sz\u0171ri a v\u00e9rt, elt\u00e1vol\u00edtja a szervezetb\u0151l a k\u00e1ros anyagokat \u00e9s seg\u00edt az anyagcsere szab\u00e1lyoz\u00e1s\u00e1ban. A modern \u00e9letm\u00f3d, a helytelen t\u00e1pl\u00e1lkoz\u00e1s \u00e9s a stressz azonban t\u00falterhelheti, ami sz\u00e1mos eg\u00e9szs\u00e9g\u00fcgyi probl\u00e9m\u00e1hoz vezethet. A Calendula Klinik\u00e1n az \u00f6tnapos m\u00e1jtiszt\u00edt\u00e1s ayurv\u00e9dikus gy\u00f3gyelj\u00e1r\u00e1sok seg\u00edts\u00e9g\u00e9vel seg\u00edt tehermentes\u00edteni, regener\u00e1lni a m\u00e1jat \u00e9s harmoniz\u00e1lni a m\u0171k\u00f6d\u00e9s\u00e9t. A m\u00e1jtiszt\u00edt\u00f3 k\u00fara a szervezet megfelel\u0151 m\u00e9regtelen\u00edt\u00e9s\u00e9nek \u00e9s regener\u00e1ci\u00f3j\u00e1nak a garanci\u00e1ja.<\/p>\t\t\t\t\t\t\t\t<\/div>\n\t\t\t\t<\/div>\n\t\t\t\t<div class=\"elementor-element elementor-element-c9af046 elementor-widget elementor-widget-image\" data-id=\"c9af046\" data-element_type=\"widget\" data-e-type=\"widget\" data-widget_type=\"image.default\">\n\t\t\t\t<div class=\"elementor-widget-container\">\n\t\t\t\t\t\t\t\t\t\t\t\t\t\t\t<img loading=\"lazy\" decoding=\"async\" width=\"900\" height=\"600\" src=\"https:\/\/calendula.hu\/wp-content\/uploads\/2023\/05\/calendula-majtisztitas-1024x683.webp\" class=\"attachment-large size-large wp-image-7572\" alt=\"\" srcset=\"https:\/\/calendula.hu\/wp-content\/uploads\/2023\/05\/calendula-majtisztitas-1024x683.webp 1024w, https:\/\/calendula.hu\/wp-content\/uploads\/2023\/05\/calendula-majtisztitas-300x200.webp 300w, https:\/\/calendula.hu\/wp-content\/uploads\/2023\/05\/calendula-majtisztitas-768x512.webp 768w, https:\/\/calendula.hu\/wp-content\/uploads\/2023\/05\/calendula-majtisztitas-1536x1024.webp 1536w, https:\/\/calendula.hu\/wp-content\/uploads\/2023\/05\/calendula-majtisztitas.webp 1620w\" sizes=\"auto, (max-width: 900px) 100vw, 900px\" \/>\t\t\t\t\t\t\t\t\t\t\t\t\t\t\t<\/div>\n\t\t\t\t<\/div>\n\t\t\t\t<div class=\"elementor-element elementor-element-0d75038 elementor-widget elementor-widget-heading\" data-id=\"0d75038\" data-element_type=\"widget\" data-e-type=\"widget\" data-widget_type=\"heading.default\">\n\t\t\t\t<div class=\"elementor-widget-container\">\n\t\t\t\t\t<h1 class=\"elementor-heading-title elementor-size-default\">Hogyan ismerhetj\u00fck fel ha elf\u00e1rad a m\u00e1j?<\/h1>\t\t\t\t<\/div>\n\t\t\t\t<\/div>\n\t\t\t\t<div class=\"elementor-element elementor-element-552e220 elementor-widget elementor-widget-text-editor\" data-id=\"552e220\" data-element_type=\"widget\" data-e-type=\"widget\" data-widget_type=\"text-editor.default\">\n\t\t\t\t<div class=\"elementor-widget-container\">\n\t\t\t\t\t\t\t\t\t<p>A m\u00e1j \u201eelf\u00e1rad\u00e1s\u00e1t\u201d k\u00f6vet\u0151en a m\u00e9regtelen\u00edt\u0151 \u00e9s anyagcsereszab\u00e1lyoz\u00f3 folyamatok a szervezetben lelassulnak, ak\u00e1r le is \u00e1llnak. Ezek k\u00fcl\u00f6nb\u00f6z\u0151k\u00e9ppen jelennek meg:<\/p>\t\t\t\t\t\t\t\t<\/div>\n\t\t\t\t<\/div>\n\t\t\t\t<div class=\"elementor-element elementor-element-abc7927 elementor-widget elementor-widget-toggle\" data-id=\"abc7927\" data-element_type=\"widget\" data-e-type=\"widget\" data-widget_type=\"toggle.default\">\n\t\t\t\t<div class=\"elementor-widget-container\">\n\t\t\t\t\t\t\t<div class=\"elementor-toggle\">\n\t\t\t\t\t\t\t<div class=\"elementor-toggle-item\">\n\t\t\t\t\t<h3 id=\"elementor-tab-title-1801\" class=\"elementor-tab-title\" data-tab=\"1\" role=\"button\" aria-controls=\"elementor-tab-content-1801\" aria-expanded=\"false\">\n\t\t\t\t\t\t\t\t\t\t\t\t<span class=\"elementor-toggle-icon elementor-toggle-icon-left\" aria-hidden=\"true\">\n\t\t\t\t\t\t\t\t\t\t\t\t\t\t\t<span class=\"elementor-toggle-icon-closed\"><i class=\"fas fa-caret-right\"><\/i><\/span>\n\t\t\t\t\t\t\t\t<span class=\"elementor-toggle-icon-opened\"><i class=\"elementor-toggle-icon-opened fas fa-caret-up\"><\/i><\/span>\n\t\t\t\t\t\t\t\t\t\t\t\t\t<\/span>\n\t\t\t\t\t\t\t\t\t\t\t\t<a class=\"elementor-toggle-title\" tabindex=\"0\">\u00c1ltal\u00e1nos f\u00e1radts\u00e1g \u00e9s gyenges\u00e9g<\/a>\n\t\t\t\t\t<\/h3>\n\n\t\t\t\t\t<div id=\"elementor-tab-content-1801\" class=\"elementor-tab-content elementor-clearfix\" data-tab=\"1\" role=\"region\" aria-labelledby=\"elementor-tab-title-1801\"><p>Az ok n\u00e9lk\u00fcli gyenges\u00e9g m\u00f6g\u00f6tt a szervezetben lerak\u00f3dott, m\u00e1j \u00e1ltal ki nem v\u00e1lasztott toxinok \u00e1llnak, amelyek terhet r\u00f3nak a test m\u0171k\u00f6d\u00e9s\u00e9r<\/p><\/div>\n\t\t\t\t<\/div>\n\t\t\t\t\t\t\t<div class=\"elementor-toggle-item\">\n\t\t\t\t\t<h3 id=\"elementor-tab-title-1802\" class=\"elementor-tab-title\" data-tab=\"2\" role=\"button\" aria-controls=\"elementor-tab-content-1802\" aria-expanded=\"false\">\n\t\t\t\t\t\t\t\t\t\t\t\t<span class=\"elementor-toggle-icon elementor-toggle-icon-left\" aria-hidden=\"true\">\n\t\t\t\t\t\t\t\t\t\t\t\t\t\t\t<span class=\"elementor-toggle-icon-closed\"><i class=\"fas fa-caret-right\"><\/i><\/span>\n\t\t\t\t\t\t\t\t<span class=\"elementor-toggle-icon-opened\"><i class=\"elementor-toggle-icon-opened fas fa-caret-up\"><\/i><\/span>\n\t\t\t\t\t\t\t\t\t\t\t\t\t<\/span>\n\t\t\t\t\t\t\t\t\t\t\t\t<a class=\"elementor-toggle-title\" tabindex=\"0\">Alv\u00e1szavarok \u00e9s hangulatv\u00e1ltoz\u00e1sok<\/a>\n\t\t\t\t\t<\/h3>\n\n\t\t\t\t\t<div id=\"elementor-tab-content-1802\" class=\"elementor-tab-content elementor-clearfix\" data-tab=\"2\" role=\"region\" aria-labelledby=\"elementor-tab-title-1802\"><p>Mivel a m\u00e1j t\u00falterhel\u00e9s k\u00f6vetkezt\u00e9ben k\u00e9ptelen a m\u00e9reganyagok elt\u00e1vol\u00edt\u00e1s\u00e1ra, a szervezet nem tudja megfelel\u0151en regener\u00e1lni mag\u00e1t \u2013 \u00edgy alv\u00e1szavarok \u00e9s hirtelen hangulatv\u00e1ltoz\u00e1sok jelentkezhetnek<\/p><\/div>\n\t\t\t\t<\/div>\n\t\t\t\t\t\t\t<div class=\"elementor-toggle-item\">\n\t\t\t\t\t<h3 id=\"elementor-tab-title-1803\" class=\"elementor-tab-title\" data-tab=\"3\" role=\"button\" aria-controls=\"elementor-tab-content-1803\" aria-expanded=\"false\">\n\t\t\t\t\t\t\t\t\t\t\t\t<span class=\"elementor-toggle-icon elementor-toggle-icon-left\" aria-hidden=\"true\">\n\t\t\t\t\t\t\t\t\t\t\t\t\t\t\t<span class=\"elementor-toggle-icon-closed\"><i class=\"fas fa-caret-right\"><\/i><\/span>\n\t\t\t\t\t\t\t\t<span class=\"elementor-toggle-icon-opened\"><i class=\"elementor-toggle-icon-opened fas fa-caret-up\"><\/i><\/span>\n\t\t\t\t\t\t\t\t\t\t\t\t\t<\/span>\n\t\t\t\t\t\t\t\t\t\t\t\t<a class=\"elementor-toggle-title\" tabindex=\"0\">S\u00falyv\u00e1ltoz\u00e1s<\/a>\n\t\t\t\t\t<\/h3>\n\n\t\t\t\t\t<div id=\"elementor-tab-content-1803\" class=\"elementor-tab-content elementor-clearfix\" data-tab=\"3\" role=\"region\" aria-labelledby=\"elementor-tab-title-1803\"><p>A m\u00e1j helytelen m\u0171k\u00f6d\u00e9se miatt anyagcserezavar \u00e1llhat fenn, emiatt pedig hirtelen fogy\u00e1s vagy s\u00falygyarapod\u00e1s jelentkezhet<\/p><\/div>\n\t\t\t\t<\/div>\n\t\t\t\t\t\t\t<div class=\"elementor-toggle-item\">\n\t\t\t\t\t<h3 id=\"elementor-tab-title-1804\" class=\"elementor-tab-title\" data-tab=\"4\" role=\"button\" aria-controls=\"elementor-tab-content-1804\" aria-expanded=\"false\">\n\t\t\t\t\t\t\t\t\t\t\t\t<span class=\"elementor-toggle-icon elementor-toggle-icon-left\" aria-hidden=\"true\">\n\t\t\t\t\t\t\t\t\t\t\t\t\t\t\t<span class=\"elementor-toggle-icon-closed\"><i class=\"fas fa-caret-right\"><\/i><\/span>\n\t\t\t\t\t\t\t\t<span class=\"elementor-toggle-icon-opened\"><i class=\"elementor-toggle-icon-opened fas fa-caret-up\"><\/i><\/span>\n\t\t\t\t\t\t\t\t\t\t\t\t\t<\/span>\n\t\t\t\t\t\t\t\t\t\t\t\t<a class=\"elementor-toggle-title\" tabindex=\"0\">Testnedvek, testr\u00e9szek vagy b\u0151r elsz\u00ednez\u0151d\u00e9se<\/a>\n\t\t\t\t\t<\/h3>\n\n\t\t\t\t\t<div id=\"elementor-tab-content-1804\" class=\"elementor-tab-content elementor-clearfix\" data-tab=\"4\" role=\"region\" aria-labelledby=\"elementor-tab-title-1804\"><p>A vizeletsz\u00edn barn\u00e1s elv\u00e1ltoz\u00e1sa, a teny\u00e9r v\u00f6r\u00f6ses elsz\u00ednez\u0151d\u00e9se, de ak\u00e1r s\u00e1rgas\u00e1g is jelentkezhet a m\u00e1j eg\u00e9szs\u00e9gtelen m\u0171k\u00f6d\u00e9se miatt<\/p><\/div>\n\t\t\t\t<\/div>\n\t\t\t\t\t\t\t\t<\/div>\n\t\t\t\t\t\t<\/div>\n\t\t\t\t<\/div>\n\t\t\t\t<div class=\"elementor-element elementor-element-2d47d51 elementor-widget elementor-widget-heading\" data-id=\"2d47d51\" data-element_type=\"widget\" data-e-type=\"widget\" data-widget_type=\"heading.default\">\n\t\t\t\t<div class=\"elementor-widget-container\">\n\t\t\t\t\t<h1 class=\"elementor-heading-title elementor-size-default\">Hogyan seg\u00edt az \u00f6tnapos m\u00e1jtiszt\u00edt\u00f3 k\u00fara?<\/h1>\t\t\t\t<\/div>\n\t\t\t\t<\/div>\n\t\t\t\t<div class=\"elementor-element elementor-element-b986e5a elementor-icon-list--layout-traditional elementor-list-item-link-full_width elementor-widget elementor-widget-icon-list\" data-id=\"b986e5a\" data-element_type=\"widget\" data-e-type=\"widget\" data-widget_type=\"icon-list.default\">\n\t\t\t\t<div class=\"elementor-widget-container\">\n\t\t\t\t\t\t\t<ul class=\"elementor-icon-list-items\">\n\t\t\t\t\t\t\t<li class=\"elementor-icon-list-item\">\n\t\t\t\t\t\t\t\t\t\t\t<span class=\"elementor-icon-list-icon\">\n\t\t\t\t\t\t\t<i aria-hidden=\"true\" class=\"fas fa-check\"><\/i>\t\t\t\t\t\t<\/span>\n\t\t\t\t\t\t\t\t\t\t<span class=\"elementor-icon-list-text\">Seg\u00edt elt\u00e1vol\u00edtani a szervezetb\u0151l a m\u00e9reganyagokat.<\/span>\n\t\t\t\t\t\t\t\t\t<\/li>\n\t\t\t\t\t\t\t\t<li class=\"elementor-icon-list-item\">\n\t\t\t\t\t\t\t\t\t\t\t<span class=\"elementor-icon-list-icon\">\n\t\t\t\t\t\t\t<i aria-hidden=\"true\" class=\"fas fa-check\"><\/i>\t\t\t\t\t\t<\/span>\n\t\t\t\t\t\t\t\t\t\t<span class=\"elementor-icon-list-text\">Jav\u00edtja a m\u00e1j \u00e9s epe m\u0171k\u00f6d\u00e9s\u00e9t, el\u0151seg\u00edtve az eg\u00e9szs\u00e9ges anyagcser\u00e9t.<\/span>\n\t\t\t\t\t\t\t\t\t<\/li>\n\t\t\t\t\t\t\t\t<li class=\"elementor-icon-list-item\">\n\t\t\t\t\t\t\t\t\t\t\t<span class=\"elementor-icon-list-icon\">\n\t\t\t\t\t\t\t<i aria-hidden=\"true\" class=\"fas fa-check\"><\/i>\t\t\t\t\t\t<\/span>\n\t\t\t\t\t\t\t\t\t\t<span class=\"elementor-icon-list-text\">T\u00e1mogatja a test term\u00e9szetes \u00f6ngy\u00f3gy\u00edt\u00f3 folyamatait.<\/span>\n\t\t\t\t\t\t\t\t\t<\/li>\n\t\t\t\t\t\t\t\t<li class=\"elementor-icon-list-item\">\n\t\t\t\t\t\t\t\t\t\t\t<span class=\"elementor-icon-list-icon\">\n\t\t\t\t\t\t\t<i aria-hidden=\"true\" class=\"fas fa-check\"><\/i>\t\t\t\t\t\t<\/span>\n\t\t\t\t\t\t\t\t\t\t<span class=\"elementor-icon-list-text\">Cs\u00f6kken a testben a gyullad\u00e1s, ki\u00fcr\u00fclnek a salakanyagok.<\/span>\n\t\t\t\t\t\t\t\t\t<\/li>\n\t\t\t\t\t\t\t\t<li class=\"elementor-icon-list-item\">\n\t\t\t\t\t\t\t\t\t\t\t<span class=\"elementor-icon-list-icon\">\n\t\t\t\t\t\t\t<i aria-hidden=\"true\" class=\"fas fa-check\"><\/i>\t\t\t\t\t\t<\/span>\n\t\t\t\t\t\t\t\t\t\t<span class=\"elementor-icon-list-text\">Energikusabb\u00e1 \u00e9s kiegyens\u00falyozottabb\u00e1 tesz a mindennapokban.<\/span>\n\t\t\t\t\t\t\t\t\t<\/li>\n\t\t\t\t\t\t\t\t<li class=\"elementor-icon-list-item\">\n\t\t\t\t\t\t\t\t\t\t\t<span class=\"elementor-icon-list-icon\">\n\t\t\t\t\t\t\t<i aria-hidden=\"true\" class=\"fas fa-check\"><\/i>\t\t\t\t\t\t<\/span>\n\t\t\t\t\t\t\t\t\t\t<span class=\"elementor-icon-list-text\">Meger\u0151s\u00f6dik az immunrendszer, a szervezet \u00f6sszehangoltabban m\u0171k\u00f6dik.<\/span>\n\t\t\t\t\t\t\t\t\t<\/li>\n\t\t\t\t\t\t\t\t<li class=\"elementor-icon-list-item\">\n\t\t\t\t\t\t\t\t\t\t\t<span class=\"elementor-icon-list-icon\">\n\t\t\t\t\t\t\t<i aria-hidden=\"true\" class=\"fas fa-check\"><\/i>\t\t\t\t\t\t<\/span>\n\t\t\t\t\t\t\t\t\t\t<span class=\"elementor-icon-list-text\">A program egyik hat\u00e1sa lehet a tests\u00falyveszt\u00e9s \u00e9s eg\u00e9szs\u00e9ges stabiliz\u00e1l\u00f3d\u00e1sa is.<\/span>\n\t\t\t\t\t\t\t\t\t<\/li>\n\t\t\t\t\t\t\t\t<li class=\"elementor-icon-list-item\">\n\t\t\t\t\t\t\t\t\t\t\t<span class=\"elementor-icon-list-icon\">\n\t\t\t\t\t\t\t<i aria-hidden=\"true\" class=\"fas fa-check\"><\/i>\t\t\t\t\t\t<\/span>\n\t\t\t\t\t\t\t\t\t\t<span class=\"elementor-icon-list-text\">F\u00e9nyesebb, puh\u00e1bb lesz a b\u0151r \u00e9s eg\u00e9szs\u00e9gesebb, szebb lesz a haj.<\/span>\n\t\t\t\t\t\t\t\t\t<\/li>\n\t\t\t\t\t\t\t\t<li class=\"elementor-icon-list-item\">\n\t\t\t\t\t\t\t\t\t\t\t<span class=\"elementor-icon-list-icon\">\n\t\t\t\t\t\t\t<i aria-hidden=\"true\" class=\"fas fa-check\"><\/i>\t\t\t\t\t\t<\/span>\n\t\t\t\t\t\t\t\t\t\t<span class=\"elementor-icon-list-text\">Elm\u00falik a gyakori, indokolatlan fejf\u00e1j\u00e1s.<\/span>\n\t\t\t\t\t\t\t\t\t<\/li>\n\t\t\t\t\t\t<\/ul>\n\t\t\t\t\t\t<\/div>\n\t\t\t\t<\/div>\n\t\t\t\t<div class=\"elementor-element elementor-element-3048957 elementor-widget elementor-widget-image\" data-id=\"3048957\" data-element_type=\"widget\" data-e-type=\"widget\" data-widget_type=\"image.default\">\n\t\t\t\t<div class=\"elementor-widget-container\">\n\t\t\t\t\t\t\t\t\t\t\t\t\t\t\t<img loading=\"lazy\" decoding=\"async\" width=\"900\" height=\"565\" src=\"https:\/\/calendula.hu\/wp-content\/uploads\/2023\/05\/calendula-maj-meregtelenitese-1024x643.webp\" class=\"attachment-large size-large wp-image-7570\" alt=\"\" srcset=\"https:\/\/calendula.hu\/wp-content\/uploads\/2023\/05\/calendula-maj-meregtelenitese-1024x643.webp 1024w, https:\/\/calendula.hu\/wp-content\/uploads\/2023\/05\/calendula-maj-meregtelenitese-300x188.webp 300w, https:\/\/calendula.hu\/wp-content\/uploads\/2023\/05\/calendula-maj-meregtelenitese-768x483.webp 768w, https:\/\/calendula.hu\/wp-content\/uploads\/2023\/05\/calendula-maj-meregtelenitese-1536x965.webp 1536w, https:\/\/calendula.hu\/wp-content\/uploads\/2023\/05\/calendula-maj-meregtelenitese.webp 1719w\" sizes=\"auto, (max-width: 900px) 100vw, 900px\" \/>\t\t\t\t\t\t\t\t\t\t\t\t\t\t\t<\/div>\n\t\t\t\t<\/div>\n\t\t\t\t<div class=\"elementor-element elementor-element-7d0cd06 elementor-widget elementor-widget-heading\" data-id=\"7d0cd06\" data-element_type=\"widget\" data-e-type=\"widget\" data-widget_type=\"heading.default\">\n\t\t\t\t<div class=\"elementor-widget-container\">\n\t\t\t\t\t<h1 class=\"elementor-heading-title elementor-size-default\">Kik sz\u00e1m\u00e1ra aj\u00e1nlott a m\u00e1j m\u00e9regtelen\u00edt\u00e9se?<\/h1>\t\t\t\t<\/div>\n\t\t\t\t<\/div>\n\t\t\t\t<div class=\"elementor-element elementor-element-a834658 elementor-widget elementor-widget-text-editor\" data-id=\"a834658\" data-element_type=\"widget\" data-e-type=\"widget\" data-widget_type=\"text-editor.default\">\n\t\t\t\t<div class=\"elementor-widget-container\">\n\t\t\t\t\t\t\t\t\t<p>Az \u00f6tnapos m\u00e1jtiszt\u00edt\u00f3 k\u00fara k\u00fcl\u00f6n\u00f6sen aj\u00e1nlott azoknak, akik:<\/p>\t\t\t\t\t\t\t\t<\/div>\n\t\t\t\t<\/div>\n\t\t\t\t<div class=\"elementor-element elementor-element-a275252 elementor-icon-list--layout-traditional elementor-list-item-link-full_width elementor-widget elementor-widget-icon-list\" data-id=\"a275252\" data-element_type=\"widget\" data-e-type=\"widget\" data-widget_type=\"icon-list.default\">\n\t\t\t\t<div class=\"elementor-widget-container\">\n\t\t\t\t\t\t\t<ul class=\"elementor-icon-list-items\">\n\t\t\t\t\t\t\t<li class=\"elementor-icon-list-item\">\n\t\t\t\t\t\t\t\t\t\t\t<span class=\"elementor-icon-list-icon\">\n\t\t\t\t\t\t\t<i aria-hidden=\"true\" class=\"fas fa-check\"><\/i>\t\t\t\t\t\t<\/span>\n\t\t\t\t\t\t\t\t\t\t<span class=\"elementor-icon-list-text\">M\u00e1j- vagy epeprobl\u00e9m\u00e1kkal k\u00fczdenek.<\/span>\n\t\t\t\t\t\t\t\t\t<\/li>\n\t\t\t\t\t\t\t\t<li class=\"elementor-icon-list-item\">\n\t\t\t\t\t\t\t\t\t\t\t<span class=\"elementor-icon-list-icon\">\n\t\t\t\t\t\t\t<i aria-hidden=\"true\" class=\"fas fa-check\"><\/i>\t\t\t\t\t\t<\/span>\n\t\t\t\t\t\t\t\t\t\t<span class=\"elementor-icon-list-text\">Szeretn\u00e9nek \u00fajra kiegyens\u00falyozottak lenni a mindennapokban. <\/span>\n\t\t\t\t\t\t\t\t\t<\/li>\n\t\t\t\t\t\t\t\t<li class=\"elementor-icon-list-item\">\n\t\t\t\t\t\t\t\t\t\t\t<span class=\"elementor-icon-list-icon\">\n\t\t\t\t\t\t\t<i aria-hidden=\"true\" class=\"fas fa-check\"><\/i>\t\t\t\t\t\t<\/span>\n\t\t\t\t\t\t\t\t\t\t<span class=\"elementor-icon-list-text\">Szeretn\u00e9k vissza\u00e1ll\u00edtani a test\u00fck bels\u0151 egyens\u00faly\u00e1t.<\/span>\n\t\t\t\t\t\t\t\t\t<\/li>\n\t\t\t\t\t\t\t\t<li class=\"elementor-icon-list-item\">\n\t\t\t\t\t\t\t\t\t\t\t<span class=\"elementor-icon-list-icon\">\n\t\t\t\t\t\t\t<i aria-hidden=\"true\" class=\"fas fa-check\"><\/i>\t\t\t\t\t\t<\/span>\n\t\t\t\t\t\t\t\t\t\t<span class=\"elementor-icon-list-text\">Meg szeretn\u00e9nek el\u0151zni komolyabb eg\u00e9szs\u00e9g\u00fcgyi probl\u00e9m\u00e1kat.<\/span>\n\t\t\t\t\t\t\t\t\t<\/li>\n\t\t\t\t\t\t\t\t<li class=\"elementor-icon-list-item\">\n\t\t\t\t\t\t\t\t\t\t\t<span class=\"elementor-icon-list-icon\">\n\t\t\t\t\t\t\t<i aria-hidden=\"true\" class=\"fas fa-check\"><\/i>\t\t\t\t\t\t<\/span>\n\t\t\t\t\t\t\t\t\t\t<span class=\"elementor-icon-list-text\">Olyan kr\u00f3nikus betegs\u00e9gekkel rendelkeznek, amelyek m\u00f6g\u00f6tt m\u00e9reganyagok felhalmoz\u00f3d\u00e1sa \u00e1ll.<\/span>\n\t\t\t\t\t\t\t\t\t<\/li>\n\t\t\t\t\t\t\t\t<li class=\"elementor-icon-list-item\">\n\t\t\t\t\t\t\t\t\t\t\t<span class=\"elementor-icon-list-icon\">\n\t\t\t\t\t\t\t<i aria-hidden=\"true\" class=\"fas fa-check\"><\/i>\t\t\t\t\t\t<\/span>\n\t\t\t\t\t\t\t\t\t\t<span class=\"elementor-icon-list-text\">Felismert\u00e9k, hogy az eg\u00e9szs\u00e9g\u00fck az egyik legnagyobb \u00e9rt\u00e9k, \u00e9s ez\u00e9rt tenni szeretn\u00e9nek \u00e9rte.<\/span>\n\t\t\t\t\t\t\t\t\t<\/li>\n\t\t\t\t\t\t<\/ul>\n\t\t\t\t\t\t<\/div>\n\t\t\t\t<\/div>\n\t\t\t\t<div class=\"elementor-element elementor-element-9ac99fc elementor-widget elementor-widget-heading\" data-id=\"9ac99fc\" data-element_type=\"widget\" data-e-type=\"widget\" data-widget_type=\"heading.default\">\n\t\t\t\t<div class=\"elementor-widget-container\">\n\t\t\t\t\t<h1 class=\"elementor-heading-title elementor-size-default\">Az \u00f6tnapos m\u00e1jtiszt\u00edt\u00f3 k\u00fara tartalma<\/h1>\t\t\t\t<\/div>\n\t\t\t\t<\/div>\n\t\t\t\t<div class=\"elementor-element elementor-element-38394bd elementor-widget elementor-widget-toggle\" data-id=\"38394bd\" data-element_type=\"widget\" data-e-type=\"widget\" data-widget_type=\"toggle.default\">\n\t\t\t\t<div class=\"elementor-widget-container\">\n\t\t\t\t\t\t\t<div class=\"elementor-toggle\">\n\t\t\t\t\t\t\t<div class=\"elementor-toggle-item\">\n\t\t\t\t\t<h3 id=\"elementor-tab-title-5891\" class=\"elementor-tab-title\" data-tab=\"1\" role=\"button\" aria-controls=\"elementor-tab-content-5891\" aria-expanded=\"false\">\n\t\t\t\t\t\t\t\t\t\t\t\t<span class=\"elementor-toggle-icon elementor-toggle-icon-left\" aria-hidden=\"true\">\n\t\t\t\t\t\t\t\t\t\t\t\t\t\t\t<span class=\"elementor-toggle-icon-closed\"><i class=\"fas fa-caret-right\"><\/i><\/span>\n\t\t\t\t\t\t\t\t<span class=\"elementor-toggle-icon-opened\"><i class=\"elementor-toggle-icon-opened fas fa-caret-up\"><\/i><\/span>\n\t\t\t\t\t\t\t\t\t\t\t\t\t<\/span>\n\t\t\t\t\t\t\t\t\t\t\t\t<a class=\"elementor-toggle-title\" tabindex=\"0\">Ayurv\u00e9dikus tiszt\u00edt\u00f3 elj\u00e1r\u00e1sok<\/a>\n\t\t\t\t\t<\/h3>\n\n\t\t\t\t\t<div id=\"elementor-tab-content-5891\" class=\"elementor-tab-content elementor-clearfix\" data-tab=\"1\" role=\"region\" aria-labelledby=\"elementor-tab-title-5891\"><p>Az ayurv\u00e9dikus tiszt\u00edt\u00f3 elj\u00e1r\u00e1sok kiv\u00e1l\u00f3ak a m\u00e1j m\u00e9regtelen\u00edt\u00e9s\u00e9re \u00e9s regener\u00e1l\u00e1s\u00e1ra, ugyanis az eg\u00e9sz szervezetet veszi kezel\u00e9sbe, nem elhanyagolva a p\u00e1ciens lelki j\u00f3l\u00e9tet sem.<\/p><p>A tiszt\u00edt\u00f3 elj\u00e1r\u00e1sok k\u00fcl\u00f6nb\u00f6z\u0151 olajos \u00e9s gy\u00f3gyn\u00f6v\u00e9nyzs\u00e1kos massz\u00e1zsokb\u00f3l, meleg pakol\u00e1sokb\u00f3l \u00e1llnak. Ezek mind bels\u0151leg, mind k\u00fcls\u0151leg t\u00e1mogatj\u00e1k a m\u00e1j m\u00e9regtelen\u00edt\u00e9s\u00e9t. A massz\u00e1zsok helyileg serkentik a v\u00e9rkering\u00e9st \u00e9s kiv\u00e1laszt\u00e1st, gy\u00f3gyn\u00f6v\u00e9nyes v\u00e1ltozatuk pedig egyenesen juttatja a gy\u00f3gy\u00edt\u00f3 t\u00e1panyagot a szervezetbe, hogy el\u0151seg\u00edtse a regener\u00e1l\u00f3d\u00e1st.<\/p><\/div>\n\t\t\t\t<\/div>\n\t\t\t\t\t\t\t<div class=\"elementor-toggle-item\">\n\t\t\t\t\t<h3 id=\"elementor-tab-title-5892\" class=\"elementor-tab-title\" data-tab=\"2\" role=\"button\" aria-controls=\"elementor-tab-content-5892\" aria-expanded=\"false\">\n\t\t\t\t\t\t\t\t\t\t\t\t<span class=\"elementor-toggle-icon elementor-toggle-icon-left\" aria-hidden=\"true\">\n\t\t\t\t\t\t\t\t\t\t\t\t\t\t\t<span class=\"elementor-toggle-icon-closed\"><i class=\"fas fa-caret-right\"><\/i><\/span>\n\t\t\t\t\t\t\t\t<span class=\"elementor-toggle-icon-opened\"><i class=\"elementor-toggle-icon-opened fas fa-caret-up\"><\/i><\/span>\n\t\t\t\t\t\t\t\t\t\t\t\t\t<\/span>\n\t\t\t\t\t\t\t\t\t\t\t\t<a class=\"elementor-toggle-title\" tabindex=\"0\">Fitoter\u00e1pi\u00e1s gy\u00f3gyk\u00e9sz\u00edtm\u00e9nyek<\/a>\n\t\t\t\t\t<\/h3>\n\n\t\t\t\t\t<div id=\"elementor-tab-content-5892\" class=\"elementor-tab-content elementor-clearfix\" data-tab=\"2\" role=\"region\" aria-labelledby=\"elementor-tab-title-5892\"><p>Orvosi el\u0151\u00edr\u00e1s alapj\u00e1n a m\u00e1j \u00e9s az epeutak tiszt\u00edt\u00e1s\u00e1t el\u0151seg\u00edt\u0151 gy\u00f3gyn\u00f6v\u00e9nyalap\u00fa k\u00e9sz\u00edtm\u00e9nyek is alkalmaz\u00e1sra ker\u00fclnek. Ezek az \u0151si receptek hat\u00e9konyan seg\u00edtik a szervezet term\u00e9szetes tisztul\u00e1si folyamatait \u00e9s t\u00e1mogatj\u00e1k a m\u00e1jsejtek regener\u00e1ci\u00f3j\u00e1t.<\/p><\/div>\n\t\t\t\t<\/div>\n\t\t\t\t\t\t\t<div class=\"elementor-toggle-item\">\n\t\t\t\t\t<h3 id=\"elementor-tab-title-5893\" class=\"elementor-tab-title\" data-tab=\"3\" role=\"button\" aria-controls=\"elementor-tab-content-5893\" aria-expanded=\"false\">\n\t\t\t\t\t\t\t\t\t\t\t\t<span class=\"elementor-toggle-icon elementor-toggle-icon-left\" aria-hidden=\"true\">\n\t\t\t\t\t\t\t\t\t\t\t\t\t\t\t<span class=\"elementor-toggle-icon-closed\"><i class=\"fas fa-caret-right\"><\/i><\/span>\n\t\t\t\t\t\t\t\t<span class=\"elementor-toggle-icon-opened\"><i class=\"elementor-toggle-icon-opened fas fa-caret-up\"><\/i><\/span>\n\t\t\t\t\t\t\t\t\t\t\t\t\t<\/span>\n\t\t\t\t\t\t\t\t\t\t\t\t<a class=\"elementor-toggle-title\" tabindex=\"0\">M\u00e9regtelen\u00edt\u0151 t\u00e1pl\u00e1lkoz\u00e1s<\/a>\n\t\t\t\t\t<\/h3>\n\n\t\t\t\t\t<div id=\"elementor-tab-content-5893\" class=\"elementor-tab-content elementor-clearfix\" data-tab=\"3\" role=\"region\" aria-labelledby=\"elementor-tab-title-5893\"><p>Az \u00f6tnapos m\u00e1jtiszt\u00edt\u00e1s alatt a p\u00e1ciensek teljes \u00e9rt\u00e9k\u0171 veget\u00e1ri\u00e1nus \u00e9teleket fogyasztanak, ami el\u0151seg\u00edti a m\u00e1j \u00e9s epe tehermentes\u00edt\u00e9s\u00e9t \u00e9s m\u0171k\u00f6d\u00e9s\u00e9nek fokoz\u00e1s\u00e1t. A men\u00fc \u00f6ssze\u00e1ll\u00edt\u00e1sa a klinika \u00e9tterm\u00e9ben orvosi el\u0151\u00edr\u00e1sok alapj\u00e1n t\u00f6rt\u00e9nik, \u00edgy biztos\u00edtva a megfelel\u0151 t\u00e1panyagbevitelt, biztos\u00edtva, hogy a t\u00e1pl\u00e1lkoz\u00e1s gy\u00f3gy\u00edt\u00f3 legyen.<\/p><\/div>\n\t\t\t\t<\/div>\n\t\t\t\t\t\t\t<div class=\"elementor-toggle-item\">\n\t\t\t\t\t<h3 id=\"elementor-tab-title-5894\" class=\"elementor-tab-title\" data-tab=\"4\" role=\"button\" aria-controls=\"elementor-tab-content-5894\" aria-expanded=\"false\">\n\t\t\t\t\t\t\t\t\t\t\t\t<span class=\"elementor-toggle-icon elementor-toggle-icon-left\" aria-hidden=\"true\">\n\t\t\t\t\t\t\t\t\t\t\t\t\t\t\t<span class=\"elementor-toggle-icon-closed\"><i class=\"fas fa-caret-right\"><\/i><\/span>\n\t\t\t\t\t\t\t\t<span class=\"elementor-toggle-icon-opened\"><i class=\"elementor-toggle-icon-opened fas fa-caret-up\"><\/i><\/span>\n\t\t\t\t\t\t\t\t\t\t\t\t\t<\/span>\n\t\t\t\t\t\t\t\t\t\t\t\t<a class=\"elementor-toggle-title\" tabindex=\"0\">Mozg\u00e1ster\u00e1pia<\/a>\n\t\t\t\t\t<\/h3>\n\n\t\t\t\t\t<div id=\"elementor-tab-content-5894\" class=\"elementor-tab-content elementor-clearfix\" data-tab=\"4\" role=\"region\" aria-labelledby=\"elementor-tab-title-5894\"><p>Az orvosi el\u0151\u00edr\u00e1s szerint \u00f6ssze\u00e1ll\u00edtott mozg\u00e1ster\u00e1pia fokozza a szervezet \u00f6ngy\u00f3gy\u00edt\u00f3 k\u00e9pess\u00e9geit \u00e9s el\u0151seg\u00edti a m\u00e1j regener\u00e1ci\u00f3j\u00e1t. A program r\u00e9szek\u00e9nt k\u00fcl\u00f6nb\u00f6z\u0151 mozg\u00e1sform\u00e1k \u00e1llnak rendelkez\u00e9sre.<\/p><\/div>\n\t\t\t\t<\/div>\n\t\t\t\t\t\t\t\t<\/div>\n\t\t\t\t\t\t<\/div>\n\t\t\t\t<\/div>\n\t\t\t\t\t<\/div>\n\t\t<\/div>\n\t\t\t\t\t<\/div>\n\t\t<\/section>\n\t\t\t\t<section class=\"elementor-section elementor-top-section elementor-element elementor-element-e962c46 elementor-section-boxed elementor-section-height-default elementor-section-height-default\" data-id=\"e962c46\" data-element_type=\"section\" data-e-type=\"section\">\n\t\t\t\t\t\t<div class=\"elementor-container elementor-column-gap-default\">\n\t\t\t\t\t<div class=\"elementor-column elementor-col-100 elementor-top-column elementor-element elementor-element-d30bf3b\" data-id=\"d30bf3b\" data-element_type=\"column\" data-e-type=\"column\">\n\t\t\t<div class=\"elementor-widget-wrap elementor-element-populated\">\n\t\t\t\t\t\t<div class=\"elementor-element elementor-element-f720b0b elementor-widget elementor-widget-heading\" data-id=\"f720b0b\" data-element_type=\"widget\" data-e-type=\"widget\" data-widget_type=\"heading.default\">\n\t\t\t\t<div class=\"elementor-widget-container\">\n\t\t\t\t\t<h1 class=\"elementor-heading-title elementor-size-default\">P\u00e1cienseink mondt\u00e1k<\/h1>\t\t\t\t<\/div>\n\t\t\t\t<\/div>\n\t\t\t\t<div class=\"elementor-element elementor-element-9df594d elementor-widget elementor-widget-text-editor\" data-id=\"9df594d\" data-element_type=\"widget\" data-e-type=\"widget\" data-widget_type=\"text-editor.default\">\n\t\t\t\t<div class=\"elementor-widget-container\">\n\t\t\t\t\t\t\t\t\t<p>Hadd&#8217; k\u00f6sz\u00f6njem meg azt a profizmust, kedvess\u00e9get \u00e9s maxim\u00e1lisan t\u00e1mogat\u00f3 k\u00f6rnyezetet, amit itt kaptam! Soha nem tapasztalt kedvess\u00e9g \u00e9s seg\u00edt\u0151k\u00e9szs\u00e9g volt az itt tart\u00f3zkod\u00e1som alatt! Megd\u00f6bbentett az a rendszer, ahogy egym\u00e1sra \u00e9p\u00fclve milli\u00f3 fajta kezel\u00e9si m\u00f3dszerrel csalogatj\u00e1k ki a szervezetb\u0151l a m\u00e9reganyagokat abszol\u00fat szem\u00e9lyre szabottan orvosi fel\u00fcgyelet mellett. Ezen k\u00edv\u00fcl nem hanyagolhat\u00f3 el az a t\u00e9ny sem, hogy milyen r\u00f6vid id\u0151 alatt, mennyire l\u00e1that\u00f3 fogy\u00e1s t\u00f6rt\u00e9nt! Nagyon h\u00e1l\u00e1s vagyok az orvosok odaad\u00f3 munk\u00e1j\u00e1\u00e9rt!<\/p><p><span style=\"color: #ffff00;\">\u2606 \u2606 \u2606 \u2606 \u2606 <\/span><br \/><span style=\"color: #ffffff;\">T. \u00c1gnes<\/span><\/p><p>\u00a0<\/p><p>L\u00e1ss csod\u00e1t! Igen, csoda a Calendula klinika, csoda az orvosi csapat, a n\u0151v\u00e9rek, a massz\u0151r\u00f6k, az alkalmazottak. Annyi szeretet, t\u00f6r\u0151d\u00e9s, seg\u00edt\u0151k\u00e9szs\u00e9g, j\u00f3indulat, gondoskod\u00e1s, \u00f6nzetlens\u00e9g, pozit\u00edv hozz\u00e1\u00e1ll\u00e1s \u00e9s nem utols\u00f3 sorban a TUD\u00c1S, amit itt tapasztaltam seg\u00edthet a gy\u00f3gyul\u00e1somban. Szeretettel \u00e9s m\u00e9ly al\u00e1zattal gondolok azokra a szem\u00e9lyekre, akik seg\u00edtettek, hogy a gy\u00f3gyul\u00e1s \u00fatj\u00e1ra t\u00e9rjek.<\/p><p>K\u00f6sz\u00f6n\u00f6m sz\u00e9pen, amit \u00e9rtem tettek. Soha nem fogom elfelejteni ezt a klinik\u00e1t! \u00dajra \u00e9lek!!! A miel\u0151bbi viszontl\u00e1t\u00e1sra!<\/p><p><span style=\"color: #ffcc00;\"><span style=\"color: #ffff00;\">\u2606 \u2606 \u2606 \u2606 \u2606<\/span> <\/span><br \/><span style=\"color: #ffffff;\">K. Erzs\u00e9bet <\/span><\/p><p>\u00a0<\/p><p>J\u00f3 \u00e9rz\u00e9ssel \u00e9s kipihenten t\u00e1vozom az \u00d6n\u00f6k gy\u00f3gy\u00edt\u00f3 int\u00e9zm\u00e9ny\u00e9b\u0151l. Gratul\u00e1lok a F\u0151orvos \u00darnak \u00e9s munkat\u00e1rsainak, hogy ilyen sok kedves, seg\u00edt\u0151k\u00e9sz embert gy\u0171jt\u00f6ttek maguk k\u00f6r\u00e9 \u00e9a gy\u00f3gyulni v\u00e1gy\u00f3 emberek megseg\u00edt\u00e9s\u00e9re. K\u00edv\u00e1nom, hogy legyen az Isten \u00e1ld\u00e1sa mindannyiuk \u00e9let\u00e9n \u00e9s munk\u00e1j\u00e1n.<\/p><p><span style=\"color: #ffff00;\">\u2606 \u2606 \u2606 \u2606 \u2606<\/span><br \/><span style=\"color: #ffffff;\">R. G\u00e1born\u00e9<\/span><\/p>\t\t\t\t\t\t\t\t<\/div>\n\t\t\t\t<\/div>\n\t\t\t\t\t<\/div>\n\t\t<\/div>\n\t\t\t\t\t<\/div>\n\t\t<\/section>\n\t\t\t\t<section class=\"elementor-section elementor-top-section elementor-element elementor-element-4addb60 elementor-section-boxed elementor-section-height-default elementor-section-height-default\" data-id=\"4addb60\" data-element_type=\"section\" data-e-type=\"section\">\n\t\t\t\t\t\t<div class=\"elementor-container elementor-column-gap-default\">\n\t\t\t\t\t<div class=\"elementor-column elementor-col-100 elementor-top-column elementor-element elementor-element-de34450\" data-id=\"de34450\" data-element_type=\"column\" data-e-type=\"column\">\n\t\t\t<div class=\"elementor-widget-wrap elementor-element-populated\">\n\t\t\t\t\t\t<div class=\"elementor-element elementor-element-d474e59 elementor-widget elementor-widget-image\" data-id=\"d474e59\" data-element_type=\"widget\" data-e-type=\"widget\" data-widget_type=\"image.default\">\n\t\t\t\t<div class=\"elementor-widget-container\">\n\t\t\t\t\t\t\t\t\t\t\t\t\t\t\t<img loading=\"lazy\" decoding=\"async\" width=\"1719\" height=\"1080\" src=\"https:\/\/calendula.hu\/wp-content\/uploads\/2023\/05\/calendula-majtisztito-kura.webp\" class=\"attachment-full size-full wp-image-7571\" alt=\"\" srcset=\"https:\/\/calendula.hu\/wp-content\/uploads\/2023\/05\/calendula-majtisztito-kura.webp 1719w, https:\/\/calendula.hu\/wp-content\/uploads\/2023\/05\/calendula-majtisztito-kura-300x188.webp 300w, https:\/\/calendula.hu\/wp-content\/uploads\/2023\/05\/calendula-majtisztito-kura-1024x643.webp 1024w, https:\/\/calendula.hu\/wp-content\/uploads\/2023\/05\/calendula-majtisztito-kura-768x483.webp 768w, https:\/\/calendula.hu\/wp-content\/uploads\/2023\/05\/calendula-majtisztito-kura-1536x965.webp 1536w\" sizes=\"auto, (max-width: 1719px) 100vw, 1719px\" \/>\t\t\t\t\t\t\t\t\t\t\t\t\t\t\t<\/div>\n\t\t\t\t<\/div>\n\t\t\t\t<div class=\"elementor-element elementor-element-0e9f45a elementor-widget elementor-widget-heading\" data-id=\"0e9f45a\" data-element_type=\"widget\" data-e-type=\"widget\" data-widget_type=\"heading.default\">\n\t\t\t\t<div class=\"elementor-widget-container\">\n\t\t\t\t\t<h1 class=\"elementor-heading-title elementor-size-default\">Szabad\u00edtsa fel szervezete \u00f6nregener\u00e1l\u00f3 k\u00e9pess\u00e9g\u00e9t<\/h1>\t\t\t\t<\/div>\n\t\t\t\t<\/div>\n\t\t\t\t<div class=\"elementor-element elementor-element-8875ead elementor-widget elementor-widget-text-editor\" data-id=\"8875ead\" data-element_type=\"widget\" data-e-type=\"widget\" data-widget_type=\"text-editor.default\">\n\t\t\t\t<div class=\"elementor-widget-container\">\n\t\t\t\t\t\t\t\t\t<p>Tehermentes\u00edtse \u00e9s regener\u00e1lja m\u00e1j\u00e1t, hogy szervezete \u00fajra k\u00e9pes legyen a nagytakar\u00edt\u00e1s elv\u00e9gz\u00e9s\u00e9re \u00e9s \u00f6ngy\u00f3gyul\u00e1sra. Jelentkezzen \u00f6tnapos m\u00e1jtiszt\u00edt\u00f3 programunkra, tehermentes\u00edtse a szervezet\u00e9t.<\/p>\t\t\t\t\t\t\t\t<\/div>\n\t\t\t\t<\/div>\n\t\t\t\t<div class=\"elementor-element elementor-element-faecd8c elementor-align-center elementor-widget elementor-widget-button\" data-id=\"faecd8c\" data-element_type=\"widget\" data-e-type=\"widget\" data-widget_type=\"button.default\">\n\t\t\t\t<div class=\"elementor-widget-container\">\n\t\t\t\t\t\t\t\t\t<div class=\"elementor-button-wrapper\">\n\t\t\t\t\t<a class=\"elementor-button elementor-button-link elementor-size-sm\" href=\"https:\/\/calendula.hu\/kapcsolat\/\">\n\t\t\t\t\t\t<span class=\"elementor-button-content-wrapper\">\n\t\t\t\t\t\t\t\t\t<span class=\"elementor-button-text\">M\u00c9REGTELEN\u00cdTENI SZERETN\u00c9K<\/span>\n\t\t\t\t\t<\/span>\n\t\t\t\t\t<\/a>\n\t\t\t\t<\/div>\n\t\t\t\t\t\t\t\t<\/div>\n\t\t\t\t<\/div>\n\t\t\t\t\t<\/div>\n\t\t<\/div>\n\t\t\t\t\t<\/div>\n\t\t<\/section>\n\t\t\t\t<\/div>\n\t\t","protected":false},"excerpt":{"rendered":"<p>72.000 Ft \/ 190 EUR \/ nap A program m\u00e1rcius 1-t\u0151l foglalhat\u00f3. M\u00e1jtiszt\u00edt\u00f3 program \u2013 revitaliz\u00e1l\u00f3 ter\u00e1pia az eg\u00e9szs\u00e9ges m\u00e1j\u00e9rt \u00e9s epevezet\u00e9k\u00e9rt A m\u00e1j az egyik legfontosabb m\u00e9regtelen\u00edt\u0151 szerv\u00fcnk, amely folyamatosan sz\u0171ri a v\u00e9rt, elt\u00e1vol\u00edtja a szervezetb\u0151l a k\u00e1ros anyagokat \u00e9s seg\u00edt az anyagcsere szab\u00e1lyoz\u00e1s\u00e1ban. A modern \u00e9letm\u00f3d, a helytelen t\u00e1pl\u00e1lkoz\u00e1s \u00e9s a stressz azonban [&hellip;]<\/p>\n","protected":false},"author":9,"featured_media":7571,"comment_status":"closed","ping_status":"closed","sticky":false,"template":"","format":"standard","meta":{"footnotes":""},"categories":[43],"tags":[],"class_list":["post-2711","post","type-post","status-publish","format-standard","has-post-thumbnail","hentry","category-komplex-gyogyterapiak"],"yoast_head":"<!-- This site is optimized with the Yoast SEO Premium plugin v19.5 (Yoast SEO v27.4) - https:\/\/yoast.com\/product\/yoast-seo-premium-wordpress\/ -->\n<title>M\u00e1jtiszt\u00edt\u00f3 program - Calendula Klinika - Si\u00f3fok<\/title>\n<meta name=\"description\" content=\"Szabaduljon meg a m\u00e9reganyagokt\u00f3l, amik megbeteg\u00edtik \u00d6nt. M\u00e1jtiszt\u00edt\u00f3 k\u00fara Si\u00f3fokon. K\u00e9rjen id\u0151pontot m\u00e9g ma m\u00e1ja m\u00e9regtelen\u00edt\u00e9s\u00e9re.\" \/>\n<meta name=\"robots\" content=\"index, follow, max-snippet:-1, max-image-preview:large, max-video-preview:-1\" \/>\n<link rel=\"canonical\" href=\"https:\/\/calendula.hu\/hu\/5-napos-majtisztitas\/\" \/>\n<meta property=\"og:locale\" content=\"hu_HU\" \/>\n<meta property=\"og:type\" content=\"article\" \/>\n<meta property=\"og:title\" content=\"M\u00e1jtiszt\u00edt\u00f3 program\" \/>\n<meta property=\"og:description\" content=\"Szabaduljon meg a m\u00e9reganyagokt\u00f3l, amik megbeteg\u00edtik \u00d6nt. M\u00e1jtiszt\u00edt\u00f3 k\u00fara Si\u00f3fokon. K\u00e9rjen id\u0151pontot m\u00e9g ma m\u00e1ja m\u00e9regtelen\u00edt\u00e9s\u00e9re.\" \/>\n<meta property=\"og:url\" content=\"https:\/\/calendula.hu\/hu\/5-napos-majtisztitas\/\" \/>\n<meta property=\"og:site_name\" content=\"Calendula Klinika - Si\u00f3fok\" \/>\n<meta property=\"article:published_time\" content=\"2023-05-27T14:44:45+00:00\" \/>\n<meta property=\"article:modified_time\" content=\"2026-02-18T11:38:30+00:00\" \/>\n<meta property=\"og:image\" content=\"https:\/\/calendula.hu\/wp-content\/uploads\/2023\/05\/calendula-majtisztito-kura.webp\" \/>\n\t<meta property=\"og:image:width\" content=\"1719\" \/>\n\t<meta property=\"og:image:height\" content=\"1080\" \/>\n\t<meta property=\"og:image:type\" content=\"image\/webp\" \/>\n<meta name=\"author\" content=\"Calendula\" \/>\n<meta name=\"twitter:card\" content=\"summary_large_image\" \/>\n<meta name=\"twitter:label1\" content=\"Szerz\u0151:\" \/>\n\t<meta name=\"twitter:data1\" content=\"Calendula\" \/>\n\t<meta name=\"twitter:label2\" content=\"Becs\u00fclt olvas\u00e1si id\u0151\" \/>\n\t<meta name=\"twitter:data2\" content=\"4 perc\" \/>\n<script type=\"application\/ld+json\" class=\"yoast-schema-graph\">{\"@context\":\"https:\\\/\\\/schema.org\",\"@graph\":[{\"@type\":\"Article\",\"@id\":\"https:\\\/\\\/calendula.hu\\\/5-napos-majtisztitas\\\/#article\",\"isPartOf\":{\"@id\":\"https:\\\/\\\/calendula.hu\\\/5-napos-majtisztitas\\\/\"},\"author\":{\"name\":\"Calendula\",\"@id\":\"https:\\\/\\\/calendula.hu\\\/#\\\/schema\\\/person\\\/998d88d990182b1b0a239208cce19f7f\"},\"headline\":\"M\u00e1jtiszt\u00edt\u00f3 program\",\"datePublished\":\"2023-05-27T14:44:45+00:00\",\"dateModified\":\"2026-02-18T11:38:30+00:00\",\"mainEntityOfPage\":{\"@id\":\"https:\\\/\\\/calendula.hu\\\/5-napos-majtisztitas\\\/\"},\"wordCount\":1283,\"image\":{\"@id\":\"https:\\\/\\\/calendula.hu\\\/5-napos-majtisztitas\\\/#primaryimage\"},\"thumbnailUrl\":\"https:\\\/\\\/calendula.hu\\\/wp-content\\\/uploads\\\/2023\\\/05\\\/calendula-majtisztito-kura.webp\",\"articleSection\":[\"Komplex gy\u00f3gyter\u00e1pi\u00e1k\"],\"inLanguage\":\"hu\"},{\"@type\":\"WebPage\",\"@id\":\"https:\\\/\\\/calendula.hu\\\/5-napos-majtisztitas\\\/\",\"url\":\"https:\\\/\\\/calendula.hu\\\/5-napos-majtisztitas\\\/\",\"name\":\"M\u00e1jtiszt\u00edt\u00f3 program - Calendula Klinika - Si\u00f3fok\",\"isPartOf\":{\"@id\":\"https:\\\/\\\/calendula.hu\\\/#website\"},\"primaryImageOfPage\":{\"@id\":\"https:\\\/\\\/calendula.hu\\\/5-napos-majtisztitas\\\/#primaryimage\"},\"image\":{\"@id\":\"https:\\\/\\\/calendula.hu\\\/5-napos-majtisztitas\\\/#primaryimage\"},\"thumbnailUrl\":\"https:\\\/\\\/calendula.hu\\\/wp-content\\\/uploads\\\/2023\\\/05\\\/calendula-majtisztito-kura.webp\",\"datePublished\":\"2023-05-27T14:44:45+00:00\",\"dateModified\":\"2026-02-18T11:38:30+00:00\",\"author\":{\"@id\":\"https:\\\/\\\/calendula.hu\\\/#\\\/schema\\\/person\\\/998d88d990182b1b0a239208cce19f7f\"},\"description\":\"Szabaduljon meg a m\u00e9reganyagokt\u00f3l, amik megbeteg\u00edtik \u00d6nt. M\u00e1jtiszt\u00edt\u00f3 k\u00fara Si\u00f3fokon. K\u00e9rjen id\u0151pontot m\u00e9g ma m\u00e1ja m\u00e9regtelen\u00edt\u00e9s\u00e9re.\",\"breadcrumb\":{\"@id\":\"https:\\\/\\\/calendula.hu\\\/5-napos-majtisztitas\\\/#breadcrumb\"},\"inLanguage\":\"hu\",\"potentialAction\":[{\"@type\":\"ReadAction\",\"target\":[\"https:\\\/\\\/calendula.hu\\\/5-napos-majtisztitas\\\/\"]}]},{\"@type\":\"ImageObject\",\"inLanguage\":\"hu\",\"@id\":\"https:\\\/\\\/calendula.hu\\\/5-napos-majtisztitas\\\/#primaryimage\",\"url\":\"https:\\\/\\\/calendula.hu\\\/wp-content\\\/uploads\\\/2023\\\/05\\\/calendula-majtisztito-kura.webp\",\"contentUrl\":\"https:\\\/\\\/calendula.hu\\\/wp-content\\\/uploads\\\/2023\\\/05\\\/calendula-majtisztito-kura.webp\",\"width\":1719,\"height\":1080},{\"@type\":\"BreadcrumbList\",\"@id\":\"https:\\\/\\\/calendula.hu\\\/5-napos-majtisztitas\\\/#breadcrumb\",\"itemListElement\":[{\"@type\":\"ListItem\",\"position\":1,\"name\":\"Home\",\"item\":\"https:\\\/\\\/calendula.hu\\\/\"},{\"@type\":\"ListItem\",\"position\":2,\"name\":\"M\u00e1jtiszt\u00edt\u00f3 program\"}]},{\"@type\":\"WebSite\",\"@id\":\"https:\\\/\\\/calendula.hu\\\/#website\",\"url\":\"https:\\\/\\\/calendula.hu\\\/\",\"name\":\"Calendula Klinika - Si\u00f3fok\",\"description\":\"\",\"potentialAction\":[{\"@type\":\"SearchAction\",\"target\":{\"@type\":\"EntryPoint\",\"urlTemplate\":\"https:\\\/\\\/calendula.hu\\\/?s={search_term_string}\"},\"query-input\":{\"@type\":\"PropertyValueSpecification\",\"valueRequired\":true,\"valueName\":\"search_term_string\"}}],\"inLanguage\":\"hu\"},{\"@type\":\"Person\",\"@id\":\"https:\\\/\\\/calendula.hu\\\/#\\\/schema\\\/person\\\/998d88d990182b1b0a239208cce19f7f\",\"name\":\"Calendula\",\"image\":{\"@type\":\"ImageObject\",\"inLanguage\":\"hu\",\"@id\":\"https:\\\/\\\/secure.gravatar.com\\\/avatar\\\/249690c24b1161d99c031505025f1c47094231ba25ba1e283905794866d6bb22?s=96&d=mm&r=g\",\"url\":\"https:\\\/\\\/secure.gravatar.com\\\/avatar\\\/249690c24b1161d99c031505025f1c47094231ba25ba1e283905794866d6bb22?s=96&d=mm&r=g\",\"contentUrl\":\"https:\\\/\\\/secure.gravatar.com\\\/avatar\\\/249690c24b1161d99c031505025f1c47094231ba25ba1e283905794866d6bb22?s=96&d=mm&r=g\",\"caption\":\"Calendula\"},\"url\":\"https:\\\/\\\/calendula.hu\\\/hu\\\/author\\\/calendula\\\/\"}]}<\/script>\n<!-- \/ Yoast SEO Premium plugin. -->","yoast_head_json":{"title":"M\u00e1jtiszt\u00edt\u00f3 program - Calendula Klinika - Si\u00f3fok","description":"Szabaduljon meg a m\u00e9reganyagokt\u00f3l, amik megbeteg\u00edtik \u00d6nt. M\u00e1jtiszt\u00edt\u00f3 k\u00fara Si\u00f3fokon. K\u00e9rjen id\u0151pontot m\u00e9g ma m\u00e1ja m\u00e9regtelen\u00edt\u00e9s\u00e9re.","robots":{"index":"index","follow":"follow","max-snippet":"max-snippet:-1","max-image-preview":"max-image-preview:large","max-video-preview":"max-video-preview:-1"},"canonical":"https:\/\/calendula.hu\/hu\/5-napos-majtisztitas\/","og_locale":"hu_HU","og_type":"article","og_title":"M\u00e1jtiszt\u00edt\u00f3 program","og_description":"Szabaduljon meg a m\u00e9reganyagokt\u00f3l, amik megbeteg\u00edtik \u00d6nt. M\u00e1jtiszt\u00edt\u00f3 k\u00fara Si\u00f3fokon. K\u00e9rjen id\u0151pontot m\u00e9g ma m\u00e1ja m\u00e9regtelen\u00edt\u00e9s\u00e9re.","og_url":"https:\/\/calendula.hu\/hu\/5-napos-majtisztitas\/","og_site_name":"Calendula Klinika - Si\u00f3fok","article_published_time":"2023-05-27T14:44:45+00:00","article_modified_time":"2026-02-18T11:38:30+00:00","og_image":[{"width":1719,"height":1080,"url":"https:\/\/calendula.hu\/wp-content\/uploads\/2023\/05\/calendula-majtisztito-kura.webp","type":"image\/webp"}],"author":"Calendula","twitter_card":"summary_large_image","twitter_misc":{"Szerz\u0151:":"Calendula","Becs\u00fclt olvas\u00e1si id\u0151":"4 perc"},"schema":{"@context":"https:\/\/schema.org","@graph":[{"@type":"Article","@id":"https:\/\/calendula.hu\/5-napos-majtisztitas\/#article","isPartOf":{"@id":"https:\/\/calendula.hu\/5-napos-majtisztitas\/"},"author":{"name":"Calendula","@id":"https:\/\/calendula.hu\/#\/schema\/person\/998d88d990182b1b0a239208cce19f7f"},"headline":"M\u00e1jtiszt\u00edt\u00f3 program","datePublished":"2023-05-27T14:44:45+00:00","dateModified":"2026-02-18T11:38:30+00:00","mainEntityOfPage":{"@id":"https:\/\/calendula.hu\/5-napos-majtisztitas\/"},"wordCount":1283,"image":{"@id":"https:\/\/calendula.hu\/5-napos-majtisztitas\/#primaryimage"},"thumbnailUrl":"https:\/\/calendula.hu\/wp-content\/uploads\/2023\/05\/calendula-majtisztito-kura.webp","articleSection":["Komplex gy\u00f3gyter\u00e1pi\u00e1k"],"inLanguage":"hu"},{"@type":"WebPage","@id":"https:\/\/calendula.hu\/5-napos-majtisztitas\/","url":"https:\/\/calendula.hu\/5-napos-majtisztitas\/","name":"M\u00e1jtiszt\u00edt\u00f3 program - Calendula Klinika - Si\u00f3fok","isPartOf":{"@id":"https:\/\/calendula.hu\/#website"},"primaryImageOfPage":{"@id":"https:\/\/calendula.hu\/5-napos-majtisztitas\/#primaryimage"},"image":{"@id":"https:\/\/calendula.hu\/5-napos-majtisztitas\/#primaryimage"},"thumbnailUrl":"https:\/\/calendula.hu\/wp-content\/uploads\/2023\/05\/calendula-majtisztito-kura.webp","datePublished":"2023-05-27T14:44:45+00:00","dateModified":"2026-02-18T11:38:30+00:00","author":{"@id":"https:\/\/calendula.hu\/#\/schema\/person\/998d88d990182b1b0a239208cce19f7f"},"description":"Szabaduljon meg a m\u00e9reganyagokt\u00f3l, amik megbeteg\u00edtik \u00d6nt. M\u00e1jtiszt\u00edt\u00f3 k\u00fara Si\u00f3fokon. K\u00e9rjen id\u0151pontot m\u00e9g ma m\u00e1ja m\u00e9regtelen\u00edt\u00e9s\u00e9re.","breadcrumb":{"@id":"https:\/\/calendula.hu\/5-napos-majtisztitas\/#breadcrumb"},"inLanguage":"hu","potentialAction":[{"@type":"ReadAction","target":["https:\/\/calendula.hu\/5-napos-majtisztitas\/"]}]},{"@type":"ImageObject","inLanguage":"hu","@id":"https:\/\/calendula.hu\/5-napos-majtisztitas\/#primaryimage","url":"https:\/\/calendula.hu\/wp-content\/uploads\/2023\/05\/calendula-majtisztito-kura.webp","contentUrl":"https:\/\/calendula.hu\/wp-content\/uploads\/2023\/05\/calendula-majtisztito-kura.webp","width":1719,"height":1080},{"@type":"BreadcrumbList","@id":"https:\/\/calendula.hu\/5-napos-majtisztitas\/#breadcrumb","itemListElement":[{"@type":"ListItem","position":1,"name":"Home","item":"https:\/\/calendula.hu\/"},{"@type":"ListItem","position":2,"name":"M\u00e1jtiszt\u00edt\u00f3 program"}]},{"@type":"WebSite","@id":"https:\/\/calendula.hu\/#website","url":"https:\/\/calendula.hu\/","name":"Calendula Klinika - Si\u00f3fok","description":"","potentialAction":[{"@type":"SearchAction","target":{"@type":"EntryPoint","urlTemplate":"https:\/\/calendula.hu\/?s={search_term_string}"},"query-input":{"@type":"PropertyValueSpecification","valueRequired":true,"valueName":"search_term_string"}}],"inLanguage":"hu"},{"@type":"Person","@id":"https:\/\/calendula.hu\/#\/schema\/person\/998d88d990182b1b0a239208cce19f7f","name":"Calendula","image":{"@type":"ImageObject","inLanguage":"hu","@id":"https:\/\/secure.gravatar.com\/avatar\/249690c24b1161d99c031505025f1c47094231ba25ba1e283905794866d6bb22?s=96&d=mm&r=g","url":"https:\/\/secure.gravatar.com\/avatar\/249690c24b1161d99c031505025f1c47094231ba25ba1e283905794866d6bb22?s=96&d=mm&r=g","contentUrl":"https:\/\/secure.gravatar.com\/avatar\/249690c24b1161d99c031505025f1c47094231ba25ba1e283905794866d6bb22?s=96&d=mm&r=g","caption":"Calendula"},"url":"https:\/\/calendula.hu\/hu\/author\/calendula\/"}]}},"_links":{"self":[{"href":"https:\/\/calendula.hu\/hu\/wp-json\/wp\/v2\/posts\/2711","targetHints":{"allow":["GET"]}}],"collection":[{"href":"https:\/\/calendula.hu\/hu\/wp-json\/wp\/v2\/posts"}],"about":[{"href":"https:\/\/calendula.hu\/hu\/wp-json\/wp\/v2\/types\/post"}],"author":[{"embeddable":true,"href":"https:\/\/calendula.hu\/hu\/wp-json\/wp\/v2\/users\/9"}],"replies":[{"embeddable":true,"href":"https:\/\/calendula.hu\/hu\/wp-json\/wp\/v2\/comments?post=2711"}],"version-history":[{"count":66,"href":"https:\/\/calendula.hu\/hu\/wp-json\/wp\/v2\/posts\/2711\/revisions"}],"predecessor-version":[{"id":12047,"href":"https:\/\/calendula.hu\/hu\/wp-json\/wp\/v2\/posts\/2711\/revisions\/12047"}],"wp:featuredmedia":[{"embeddable":true,"href":"https:\/\/calendula.hu\/hu\/wp-json\/wp\/v2\/media\/7571"}],"wp:attachment":[{"href":"https:\/\/calendula.hu\/hu\/wp-json\/wp\/v2\/media?parent=2711"}],"wp:term":[{"taxonomy":"category","embeddable":true,"href":"https:\/\/calendula.hu\/hu\/wp-json\/wp\/v2\/categories?post=2711"},{"taxonomy":"post_tag","embeddable":true,"href":"https:\/\/calendula.hu\/hu\/wp-json\/wp\/v2\/tags?post=2711"}],"curies":[{"name":"wp","href":"https:\/\/api.w.org\/{rel}","templated":true}]}}