{"id":7975,"date":"2024-11-27T11:16:37","date_gmt":"2024-11-27T10:16:37","guid":{"rendered":"https:\/\/calendula.hu\/?p=7975"},"modified":"2025-02-11T09:50:56","modified_gmt":"2025-02-11T08:50:56","slug":"dosak-szerinti-ayurvedikus-etkezes-alapjai","status":"publish","type":"post","link":"https:\/\/calendula.hu\/hu\/dosak-szerinti-ayurvedikus-etkezes-alapjai\/","title":{"rendered":"D\u00f3s\u00e1k szerinti ayurv\u00e9dikus \u00e9tkez\u00e9s alapjai"},"content":{"rendered":"\t\t<div data-elementor-type=\"wp-post\" data-elementor-id=\"7975\" class=\"elementor elementor-7975\" data-elementor-post-type=\"post\">\n\t\t\t\t\t\t<section class=\"elementor-section elementor-top-section elementor-element elementor-element-9c7cfb4 elementor-section-boxed elementor-section-height-default elementor-section-height-default\" data-id=\"9c7cfb4\" data-element_type=\"section\" data-e-type=\"section\">\n\t\t\t\t\t\t<div class=\"elementor-container elementor-column-gap-default\">\n\t\t\t\t\t<div class=\"elementor-column elementor-col-100 elementor-top-column elementor-element elementor-element-bfcabdf\" data-id=\"bfcabdf\" data-element_type=\"column\" data-e-type=\"column\">\n\t\t\t<div class=\"elementor-widget-wrap elementor-element-populated\">\n\t\t\t\t\t\t<div class=\"elementor-element elementor-element-b8e4ff5 elementor-widget elementor-widget-text-editor\" data-id=\"b8e4ff5\" data-element_type=\"widget\" data-e-type=\"widget\" data-widget_type=\"text-editor.default\">\n\t\t\t\t<div class=\"elementor-widget-container\">\n\t\t\t\t\t\t\t\t\t<p>A keleti orvosl\u00e1s \u00fagy tartja, a helytelen \u00e9tkez\u00e9s minden eg\u00e9szs\u00e9g\u00fcgyi probl\u00e9ma forr\u00e1sa. Az ayurv\u00e9dikus \u00e9tkez\u00e9s alapelvei szerint az \u00e9lelmiszerek nemcsak a testet t\u00e1pl\u00e1lj\u00e1k, hanem a lelket is. Ez\u00e9rt \u00e9rdemes k\u00f6vetn\u00fcnk az \u00fan. d\u00f3s\u00e1k szerinti beoszt\u00e1st, amely szerint temperamentumunknak \u00e9s alkatunknak megfelel\u0151 \u00e9teleket fogyasztunk. Ez alapj\u00e1n kapha, pitta \u00e9s vata \u00e9trendek k\u00fcl\u00f6n\u00edthet\u0151ek el, amelyek alapj\u00e1n szem\u00e9lyre szabott, m\u00e9regtelen\u00edt\u0151 \u00e9teleb\u0151l \u00e1ll\u00f3 ayurv\u00e9dikus di\u00e9ta \u00e1ll\u00edthat\u00f3 \u00f6ssze. Blogcikk\u00fcnkben a d\u00f3s\u00e1k szerinti \u00e9tkez\u00e9s alapjait mutatjuk be.<\/p>\n<h2><img loading=\"lazy\" decoding=\"async\" class=\"aligncenter wp-image-7978 size-full\" src=\"https:\/\/calendula.hu\/wp-content\/uploads\/2024\/11\/calendula-dosak-szerinti-etkezes.webp\" alt=\"\" width=\"1620\" height=\"1080\" srcset=\"https:\/\/calendula.hu\/wp-content\/uploads\/2024\/11\/calendula-dosak-szerinti-etkezes.webp 1620w, https:\/\/calendula.hu\/wp-content\/uploads\/2024\/11\/calendula-dosak-szerinti-etkezes-300x200.webp 300w, https:\/\/calendula.hu\/wp-content\/uploads\/2024\/11\/calendula-dosak-szerinti-etkezes-1024x683.webp 1024w, https:\/\/calendula.hu\/wp-content\/uploads\/2024\/11\/calendula-dosak-szerinti-etkezes-768x512.webp 768w, https:\/\/calendula.hu\/wp-content\/uploads\/2024\/11\/calendula-dosak-szerinti-etkezes-1536x1024.webp 1536w\" sizes=\"auto, (max-width: 1620px) 100vw, 1620px\" \/><\/h2>\n<h2>Az eg\u00e9szs\u00e9g az ayurv\u00e9dikus \u00e9tkez\u00e9ssel kezd\u0151dik<\/h2>\n<p>Az ayurv\u00e9dikus \u00e9tkez\u00e9s szerint az eg\u00e9szs\u00e9g alapk\u00f6ve a megfelel\u0151 t\u00e1panyagok biztos\u00edt\u00e1sa. B\u00e1r manaps\u00e1g sz\u00e1mos aj\u00e1nl\u00e1ssal tal\u00e1lkozhatunk azt illet\u0151en, <em>mit \u00e9rdemes fogyasztanunk<\/em>, fontos kiemelni, hogy ezek \u00e1ltal\u00e1ban az eg\u00e9sz n\u00e9pess\u00e9gre vonatkoznak, ami probl\u00e9m\u00e1s lehet. Mivel nem veszik figyelembe az egy\u00e9n saj\u00e1t ig\u00e9nyeit \u00e9s szervezet\u00e9nek adotts\u00e1gait, az aj\u00e1nl\u00e1sok a lakoss\u00e1g egy r\u00e9sz\u00e9n\u00e9l m\u0171k\u00f6dhetnek, de a m\u00e1sik r\u00e9sz sz\u00e1m\u00e1ra kev\u00e9sb\u00e9 hat\u00e9konyak. Az ayurv\u00e9dikus di\u00e9ta \u00e9ppen ezt a hi\u00e1nyt p\u00f3tolja: az egy\u00e9n t\u00edpus\u00e1nak megfelel\u0151en hat\u00e1rozza meg, mely \u00e9telek szolg\u00e1lj\u00e1k legink\u00e1bb az eg\u00e9szs\u00e9g\u00e9t.<\/p>\n<p>Fontos hangs\u00falyozni, hogy minden bevitt t\u00e1panyag a legkisebb sejtszintig hasznosul: szerveink, sz\u00f6veteink, b\u0151r\u00fcnk, hajunk \u00e9s minden m\u00e1s a szervezet\u00fcnkben abb\u00f3l \u00e9p\u00fcl fel, amit elfogyasztunk. Emellett &#8211; a keleti szeml\u00e9let szerint &#8211; az \u00e9telek \u00e9s italok hat\u00e1ssal vannak az energiaszint\u00fcnkre, k\u00f6z\u00e9rzet\u00fcnkre \u00e9s viselked\u00e9s\u00fcnkre is.<\/p>\n<h2>D\u00f3s\u00e1knak megfelel\u0151 \u00e9tkez\u00e9s<\/h2>\n<p>Az ayurveda szerint a d\u00f3s\u00e1k olyan alapvet\u0151 energi\u00e1k vagy alkatok, amelyek meghat\u00e1rozz\u00e1k az ember test\u00e9nek \u00e9s elm\u00e9j\u00e9nek m\u0171k\u00f6d\u00e9s\u00e9t. \u00d6sszesen h\u00e1romf\u00e9le d\u00f3s\u00e1t k\u00fcl\u00f6nb\u00f6ztethet\u00fcnk meg, amelyek mindenkiben jelen vannak, de \u00e1ltal\u00e1ban egy vagy kett\u0151 domin\u00e1l a t\u00f6bbi felett. A d\u00f3s\u00e1k egyens\u00faly\u00e1nak fenntart\u00e1sa <strong>t\u00e1mogatja az eg\u00e9szs\u00e9g meg\u0151rz\u00e9s\u00e9t <\/strong>\u00e9s <strong>a betegs\u00e9gek megel\u0151z\u00e9s\u00e9t.<\/strong> Ha azonban a d\u00f3s\u00e1k kibillenek az egyens\u00falyukb\u00f3l, az testi \u00e9s lelki probl\u00e9m\u00e1khoz is vezethet.<\/p>\n<p>Az benn\u00fcnk l\u00e9v\u0151 h\u00e1romf\u00e9le d\u00f3sa mindegyike egy-egy elem kombin\u00e1ci\u00f3j\u00e1b\u00f3l \u00e1ll:<\/p>\n<ul>\n<li>Vata (leveg\u0151 \u00e9s \u00e9ter)<\/li>\n<li>Pitta (t\u0171z \u00e9s v\u00edz)<\/li>\n<li>Kapha (f\u00f6ld \u00e9s v\u00edz)<\/li>\n<\/ul>\n<h3>Hogyan lehet meghat\u00e1rozni a d\u00f3s\u00e1t?<\/h3>\n<p>Egy szem\u00e9ly d\u00f3s\u00e1j\u00e1nak meghat\u00e1roz\u00e1s\u00e1hoz figyelembe kell venni a testalkatot, a ment\u00e1lis jellemz\u0151ket, a hajlamokat \u00e9s az \u00e9trendet. Sok esetben egy <a href=\"https:\/\/calendula.hu\/drszkopincevdmitrij\/\">\u00e1jurv\u00e9dikus orvos<\/a> ny\u00fajthat pontos k\u00e9pet a d\u00f3s\u00e1k ar\u00e1ny\u00e1r\u00f3l, \u00e9s javaslatot tehet a megfelel\u0151 \u00e9letm\u00f3dbeli v\u00e1ltoztat\u00e1sokra.<\/p>\n\n<h3>Az \u00e9telek d\u00f3s\u00e1k szerinti besorol\u00e1sa<\/h3>\n<p>Ahhoz, hogy meg\u00e9rts\u00fck, mely \u00e9telek hasznosak vagy \u00e9ppens\u00e9ggel k\u00e1rt\u00e9konyak az egyes d\u00f3s\u00e1k sz\u00e1m\u00e1ra, k\u00f6zelebbr\u0151l is meg kell ismern\u00fcnk azok ayurv\u00e9dikus tulajdons\u00e1gait. A keleti felfog\u00e1s szerint az \u00e9teleknek n\u00e9gy f\u0151 tulajdons\u00e1ga k\u00fcl\u00f6nb\u00f6ztethet\u0151 meg:<\/p>\n<ul>\n<li>\u00edz (Rasa), amit a nyelv\u00fcnk \u00e9rz\u00e9kel<\/li>\n<li>energia (virja), ami h\u0171s\u00edthet vagy hev\u00edthet<\/li>\n<li>ut\u00f3\u00edz (vipaka), ami az em\u00e9szt\u00e9st k\u00f6vet\u0151en a vizeletben, sz\u00e9kletben \u00e9s izzadts\u00e1gban jelenik meg<\/li>\n<li>az \u00e9tel term\u00e9szete (prabhava) \u2013 az \u00e9tel gy\u00f3gyhat\u00e1sa a testre, valamint a l\u00e9lekre \u00e9s a tudatra gyakorolt hat\u00e1sa<\/li>\n<\/ul>\n<p>Az \u00e9telek ezen tulajdons\u00e1gok figyelembev\u00e9tel\u00e9vel aj\u00e1nlhat\u00f3k az egyes d\u00f3sat\u00edpusok sz\u00e1m\u00e1ra. Mivel az \u00edz alapj\u00e1n a legegyszer\u0171bb megk\u00fcl\u00f6nb\u00f6ztetni az \u00e9teleket, ezeket egy \u00e1tl\u00e1that\u00f3 t\u00e1bl\u00e1zatban gy\u0171jt\u00f6tt\u00fck \u00f6ssze:<\/p>\n<table width=\"676\">\n<tbody>\n<tr>\n<td width=\"135\">\n<p><strong>\u00cdz<\/strong><\/p>\n<\/td>\n<td width=\"117\">\n<p><strong>\u00c9des<\/strong><\/p>\n<\/td>\n<td width=\"98\">\n<p><strong>S\u00f3s<\/strong><\/p>\n<\/td>\n<td width=\"106\">\n<p><strong>Savany\u00fa<\/strong><\/p>\n<\/td>\n<td width=\"132\">\n<p><strong>Cs\u00edp\u0151s<\/strong><\/p>\n<\/td>\n<td width=\"88\">\n<p><strong>Keser\u0171<\/strong><\/p>\n<\/td>\n<\/tr>\n<tr>\n<td width=\"135\">\n<p><strong>\u0150selem<\/strong><\/p>\n<\/td>\n<td width=\"117\">\n<p>v\u00edz + f\u00f6ld<\/p>\n<\/td>\n<td width=\"98\">\n<p>t\u0171z + v\u00edz<\/p>\n<\/td>\n<td width=\"106\">\n<p>f\u00f6ld + t\u0171z<\/p>\n<\/td>\n<td width=\"132\">\n<p>leveg\u0151 + t\u0171z<\/p>\n<\/td>\n<td width=\"88\">\n<p>\u00e9ter + leveg\u0151<\/p>\n<\/td>\n<\/tr>\n<tr>\n<td width=\"135\">\n<p><strong>Kedvez\u0151<\/strong><\/p>\n<\/td>\n<td width=\"117\">\n<p>vata, pita<\/p>\n<\/td>\n<td width=\"98\">\n<p>vata<\/p>\n<\/td>\n<td width=\"106\">\n<p>vata<\/p>\n<\/td>\n<td width=\"132\">\n<p>kapha<\/p>\n<\/td>\n<td width=\"88\">\n<p>pita , kapha<\/p>\n<\/td>\n<\/tr>\n<\/tbody>\n<\/table>\n<h2>Vata \u00e9trend<\/h2>\n<p>A vata-d\u00f3s\u00e1val rendelkez\u0151 emberek sz\u00e1m\u00e1ra olyan \u00e9telek aj\u00e1nlottak, amelyek <strong>meleg\u00edt\u0151, t\u00e1pl\u00e1l\u00f3 \u00e9s hidrat\u00e1l\u00f3 hat\u00e1s\u00faak<\/strong>. A megfelel\u0151 \u00e9trend seg\u00edt megnyugtatni a vat\u00e1t, fenntartani a test meleg\u00e9t, valamint t\u00e1mogatja az em\u00e9szt\u00e9st.<\/p>\n<h3><img loading=\"lazy\" decoding=\"async\" class=\"aligncenter wp-image-7979 size-full\" src=\"https:\/\/calendula.hu\/wp-content\/uploads\/2024\/11\/calendula-ayurvedikus-etkezes-vata-pita-etrend.webp\" alt=\"\" width=\"1920\" height=\"1076\" srcset=\"https:\/\/calendula.hu\/wp-content\/uploads\/2024\/11\/calendula-ayurvedikus-etkezes-vata-pita-etrend.webp 1920w, https:\/\/calendula.hu\/wp-content\/uploads\/2024\/11\/calendula-ayurvedikus-etkezes-vata-pita-etrend-300x168.webp 300w, https:\/\/calendula.hu\/wp-content\/uploads\/2024\/11\/calendula-ayurvedikus-etkezes-vata-pita-etrend-1024x574.webp 1024w, https:\/\/calendula.hu\/wp-content\/uploads\/2024\/11\/calendula-ayurvedikus-etkezes-vata-pita-etrend-768x430.webp 768w, https:\/\/calendula.hu\/wp-content\/uploads\/2024\/11\/calendula-ayurvedikus-etkezes-vata-pita-etrend-1536x861.webp 1536w\" sizes=\"auto, (max-width: 1920px) 100vw, 1920px\" \/><\/h3>\n<h3><strong>Mit \u00e9rdemes fogyasztani a vata-d\u00f3s\u00e1j\u00fa embereknek?<\/strong><\/h3>\n<ul>\n<li><strong>Meleg, neh\u00e9z, olajos \u00e9telek<\/strong>: Az olajokkal k\u00e9sz\u00fclt, gazdag \u00e9telek kedvez\u0151ek, mivel t\u00e1pl\u00e1lj\u00e1k a sz\u00f6veteket \u00e9s seg\u00edtenek meg\u0151rizni a test meleg\u00e9t.<\/li>\n<li><strong>\u00c9des, savany\u00fa \u00e9s s\u00f3s \u00edzek<\/strong>: El\u0151ny\u00f6sek az \u00e9des (pl. m\u00e9z, tejterm\u00e9kek), savany\u00fa (pl. citrom, joghurt) \u00e9s s\u00f3s \u00edzek, ugyanis ezek ellens\u00falyozz\u00e1k a vat\u00e1ra jellemz\u0151 sz\u00e1razs\u00e1got \u00e9s hidegs\u00e9get.<\/li>\n<li><strong>F\u0151tt gabon\u00e1k \u00e9s k\u00e1s\u00e1k<\/strong>: A f\u0151tt \u00e9telek, p\u00e9ld\u00e1ul a zabk\u00e1sa, a rizs vagy a t\u00e9szta k\u00f6nnyebben em\u00e9szthet\u0151k, \u00e9s meleg\u00edtik a testet.<\/li>\n<li><strong>Levesek \u00e9s p\u00f6rk\u00f6ltek<\/strong>: Ezek a foly\u00e9kony, meleg fog\u00e1sok ide\u00e1lisak a vata egyens\u00faly\u00e1nak fenntart\u00e1s\u00e1hoz.<\/li>\n<\/ul>\n<h3><strong>Mit \u00e9rdemes ker\u00fclni a vata-d\u00f3s\u00e1j\u00fa embereknek?<\/strong><\/h3>\n<ul>\n<li><strong>Hideg, k\u00f6nny\u0171, sz\u00e1raz \u00e9telek<\/strong>: A nyers z\u00f6lds\u00e9gek \u00e9s sal\u00e1t\u00e1k, a hideg italok \u00e9s a sz\u00e1raz \u00e9telek (pl. ropog\u00f3s kekszek) fokozhatj\u00e1k a vat\u00e1t.<\/li>\n<li><strong>Cs\u00edp\u0151s, keser\u0171, fanyar \u00edzek<\/strong>: Az er\u0151s f\u0171szerek, a keser\u0171 z\u00f6lds\u00e9gek \u00e9s a fanyar \u00e9telek n\u00f6velhetik a vat\u00e1t, ez\u00e9rt ezeket csak m\u00e9rt\u00e9kkel \u00e9rdemes fogyasztani.<\/li>\n<\/ul>\n<p>A vata-t\u00edpus\u00fa emberek sz\u00e1m\u00e1ra fontos a megfelel\u0151 hidrat\u00e1ci\u00f3, ugyanakkor a <strong>hideg italokat \u00e9rdemes ker\u00fclni.<\/strong> A meleg, f\u0171t\u0151 hat\u00e1s\u00fa \u00e9telek, mint p\u00e9ld\u00e1ul a hagyma, a fokhagyma \u00e9s a gy\u00f6mb\u00e9r, hozz\u00e1j\u00e1rulnak a test bels\u0151 meleg\u00e9nek fenntart\u00e1s\u00e1hoz. Emellett ezek a f\u0171szerek a vat\u00e1t n\u00f6vel\u0151 \u00e9teleket is bar\u00e1ts\u00e1gosabb\u00e1 tehetik a szervezet sz\u00e1m\u00e1ra. A nyers z\u00f6lds\u00e9geket ink\u00e1bb <strong>f\u0151tt form\u00e1ban aj\u00e1nlott fogyasztani<\/strong>, \u00edgy k\u00f6nnyebben em\u00e9szthet\u0151k \u00e9s kevesebb stresszt okoznak az em\u00e9szt\u0151rendszernek.<\/p>\n<p>A vata \u00e9trend teh\u00e1t a meleg, foly\u00e9kony \u00e9s t\u00e1pl\u00e1l\u00f3 \u00e9telekre \u00e9p\u00fcl, amelyek seg\u00edtenek egyens\u00falyban tartani a testet \u00e9s az elm\u00e9t. Ha siker\u00fcl megfelel\u0151en \u00f6ssze\u00e1ll\u00edtani az \u00e9trendet, a vata alkat\u00fa emberek energikusabbnak \u00e9s kiegyens\u00falyozottabbnak \u00e9rezhetik magukat.<\/p>\n<h2>Pitta \u00e9trend<\/h2>\n<p>A pitta-d\u00f3s\u00e1val rendelkez\u0151 emberek sz\u00e1m\u00e1ra fontos, hogy \u00e9trendj\u00fck <strong>h\u0171t\u0151 \u00e9s nyugtat\u00f3 hat\u00e1s\u00fa<\/strong> legyen, ezzel seg\u00edtve a test \u00e9s az elme egyens\u00faly\u00e1nak fenntart\u00e1s\u00e1t. \u00cdme n\u00e9h\u00e1ny hasznos tan\u00e1cs a pitta kiegyens\u00falyoz\u00e1s\u00e1hoz:<\/p>\n<h3><strong>Mit \u00e9rdemes fogyasztani a pitta-d\u00f3s\u00e1j\u00fa embereknek?<\/strong><\/h3>\n<ul>\n<li><strong>H\u0171v\u00f6s, sz\u00e1raz, k\u00f6nny\u0171 \u00e9telek<\/strong>: A h\u0171t\u0151 hat\u00e1s\u00fa \u00e9telek, p\u00e9ld\u00e1ul a friss gy\u00fcm\u00f6lcs\u00f6k \u00e9s z\u00f6lds\u00e9gek, seg\u00edtenek cs\u00f6kkenteni a pitta forr\u00f3s\u00e1g\u00e1t.<\/li>\n<li><strong>\u00c9des, keser\u0171, fanyar \u00edzek<\/strong>: Az \u00e9des (pl. k\u00f3kusztej, tejterm\u00e9kek), keser\u0171 (pl. z\u00f6ld leveles z\u00f6lds\u00e9gek), \u00e9s fanyar \u00edzek (pl. gr\u00e1n\u00e1talma) kiegyens\u00falyozz\u00e1k a pitta-t\u00edpus\u00faak forr\u00f3 term\u00e9szet\u00e9t.<\/li>\n<li><strong>F\u0151tt vagy nyers \u00e9telek<\/strong>: A f\u0151tt \u00e9telek k\u00edm\u00e9letesen t\u00e1pl\u00e1lnak, m\u00edg a nyers \u00e9telek friss\u00edt\u0151 hat\u00e1s\u00faak lehetnek, ez\u00e9rt mindkett\u0151t \u00e9rdemes be\u00e9p\u00edteni az \u00e9trendbe.<\/li>\n<\/ul>\n<h3><strong>Mit \u00e9rdemes ker\u00fclni a pitta-d\u00f3s\u00e1j\u00fa embereknek?<\/strong><\/h3>\n<ul>\n<li><strong>S\u00f3s, savany\u00fa, cs\u00edp\u0151s \u00e9telek<\/strong>: Az intenz\u00edv, f\u0171szeres \u00e9telek n\u00f6velhetik a pitta- t\u00edpus\u00fa emberek em\u00e9szt\u00e9s\u00e9nek hevess\u00e9g\u00e9t, \u00e9s tov\u00e1bb fokozhatj\u00e1k a test h\u0151j\u00e9t.<\/li>\n<li><strong>Olajos, neh\u00e9z, meleg \u00e9telek<\/strong>: A t\u00falzottan olajos \u00e9s neh\u00e9z \u00e9telek ker\u00fclend\u0151k, ugyanis ezek er\u0151s\u00edthetik a pitta-d\u00f3s\u00e1t, n\u00f6velve az em\u00e9szt\u00e9s t\u00fcz\u00e9t.<\/li>\n<li><strong>El\u0151re csomagolt, konzerv \u00e9lelmiszerek<\/strong>: Gyakran tart\u00f3s\u00edt\u00f3szereket tartalmaznak, amelyek kedvez\u0151tlenek a pitta sz\u00e1m\u00e1ra, \u00e9s \u00e9rdemes \u0151ket elker\u00fclni.<\/li>\n<\/ul>\n<p>A pitta-t\u00edpus\u00faaknak ker\u00fclni\u00fck kell a t\u00falzottan forr\u00f3 vagy f\u0171szeres \u00e9teleket, helyette a <strong>h\u0171t\u0151 hat\u00e1s\u00fa alapanyagokra<\/strong> \u00e9rdemes koncentr\u00e1lni. A k\u00f3kusztej \u00e9s az \u00e9desk\u00f6m\u00e9ny p\u00e9ld\u00e1ul enyh\u00edtheti a pitta hevess\u00e9g\u00e9t, \u00e9s seg\u00edthet egyens\u00falyba hozni a nehezebb \u00e9teleket is. Fontos a megfelel\u0151 hidrat\u00e1ci\u00f3, de \u00e9rdemes ker\u00fclni a t\u00fal hideg italokat, helyette langyos, de h\u0171t\u0151 hat\u00e1s\u00fa italokat \u00e9rdemes v\u00e1lasztani. Az alkohol szint\u00e9n nem aj\u00e1nlott, mert n\u00f6veli a test h\u0151j\u00e9t.<\/p>\n<p>A megfelel\u0151 \u00e9trend a pitta-t\u00edpus\u00fa emberek sz\u00e1m\u00e1ra el\u0151seg\u00edti a bels\u0151 harm\u00f3ni\u00e1t, cs\u00f6kkenti a forr\u00f3s\u00e1got, \u00e9s hozz\u00e1j\u00e1rul az irrit\u00e1ci\u00f3 elker\u00fcl\u00e9s\u00e9hez. A hangs\u00faly teh\u00e1t a <strong>friss, k\u00f6nny\u0171 \u00e9s h\u0171s\u00edt\u0151 \u00e9teleken<\/strong> van, amelyek nyugtat\u00f3 hat\u00e1st gyakorolnak a testre \u00e9s az elm\u00e9re egyar\u00e1nt.<\/p>\n<h2>Kapha \u00e9trend<\/h2>\n<p>A kapha-d\u00f3s\u00e1val rendelkez\u0151k sz\u00e1m\u00e1ra az \u00e9trend legf\u0151bb c\u00e9lja a <strong>k\u00f6nnyeds\u00e9g \u00e9s sz\u00e1razs\u00e1g<\/strong> el\u0151t\u00e9rbe helyez\u00e9se. A kapha-d\u00f3s\u00e1ra jellemz\u0151 neh\u00e9zs\u00e9g \u00e9s lass\u00fas\u00e1g ellens\u00falyoz\u00e1s\u00e1ra \u00e9rdemes olyan \u00e9teleket v\u00e1lasztani, amelyek t\u00e1mogatj\u00e1k az anyagcser\u00e9t \u00e9s el\u0151seg\u00edtik a k\u00f6nnyeds\u00e9get. \u00cdme n\u00e9h\u00e1ny ir\u00e1nyelv a kapha egyens\u00faly\u00e1nak fenntart\u00e1s\u00e1hoz:<\/p>\n<p><strong>Mit \u00e9rdemes fogyasztani?<\/strong><\/p>\n<ul>\n<li><strong>Meleg, k\u00f6nny\u0171 \u00e9s sz\u00e1raz \u00e9telek<\/strong>: A meleg, k\u00f6nny\u0171 \u00e9telek aktiviz\u00e1lj\u00e1k az anyagcser\u00e9t, m\u00edg a sz\u00e1raz \u00e9telek cs\u00f6kkentik a kapha-d\u00f3s\u00e1t.<\/li>\n<li><strong>Keser\u0171, fanyar, cs\u00edp\u0151s \u00edzek<\/strong>: Az er\u0151teljesebb \u00edzek, mint a cs\u00edp\u0151s f\u0171szerek (pl. gy\u00f6mb\u00e9r, chili), valamint a keser\u0171 z\u00f6lds\u00e9gek (pl. end\u00edvia, spen\u00f3t) seg\u00edtenek ellens\u00falyozni a neh\u00e9zs\u00e9get \u00e9s cs\u00f6kkenteni a ny\u00e1lkak\u00e9pz\u0151d\u00e9st.<\/li>\n<li><strong>Friss gy\u00fcm\u00f6lcs\u00f6k, z\u00f6lds\u00e9gek \u00e9s h\u00fcvelyesek<\/strong>: Az \u00e9trend kialak\u00edt\u00e1s\u00e1n\u00e1l \u00e9rdemes nagy hangs\u00falyt fektetni a friss n\u00f6v\u00e9nyi alapanyagok v\u00e1ltozatos fogyaszt\u00e1s\u00e1ra, mivel ezek k\u00f6nny\u0171ek \u00e9s t\u00e1panyagban gazdagok.<\/li>\n<\/ul>\n<p><strong>Mit \u00e9rdemes ker\u00fclni?<\/strong><\/p>\n<ul>\n<li><strong>\u00c9des, s\u00f3s, savany\u00fa \u00e9telek<\/strong>: Ezek az \u00edzek fokozz\u00e1k a kapha-d\u00f3s\u00e1t, \u00edgy \u00e9rdemes m\u00e9rs\u00e9kelni a fogyaszt\u00e1sukat, k\u00fcl\u00f6n\u00f6sen az \u00e9dess\u00e9geket \u00e9s a neh\u00e9z, s\u00f3s \u00e9teleket.<\/li>\n<li><strong>Olajos, zs\u00edros \u00e9telek<\/strong>: Az olajos \u00e9telek fokozz\u00e1k a kapha neh\u00e9zs\u00e9g\u00e9t, ez\u00e9rt jobb, ha ker\u00fclj\u00fck a tejterm\u00e9keket \u00e9s az \u00e1llati eredet\u0171 zs\u00edrokat.<\/li>\n<li><strong>Hideg \u00e9telek \u00e9s italok<\/strong>: A hideg \u00e9telek \u00e9s italok lass\u00edtj\u00e1k az anyagcser\u00e9t, ez\u00e9rt a kapha-t\u00edpus\u00fa emberek sz\u00e1m\u00e1ra aj\u00e1nlott a meleg \u00e9telek \u00e9s italok el\u0151nyben r\u00e9szes\u00edt\u00e9se.<\/li>\n<\/ul>\n<p>A kapha-t\u00edpus\u00fa emberek sz\u00e1m\u00e1ra fontos, hogy <strong>rendszeres \u00e9s tudatos t\u00e1pl\u00e1lkoz\u00e1si szok\u00e1sokat<\/strong> alak\u00edtsanak ki. Ker\u00fclend\u0151 a nassol\u00e1s, \u00e9s az \u00e9tkez\u00e9sek kihagy\u00e1sa sem jelent sz\u00e1mukra probl\u00e9m\u00e1t, mivel j\u00f3l t\u0171rik a b\u00f6jt\u00f6t. A sz\u00e1raz \u00e9telek, p\u00e9ld\u00e1ul a kekszek \u00e9s a pir\u00edtott \u00e9telek, seg\u00edtenek cs\u00f6kkenteni a testben l\u00e9v\u0151 ny\u00e1lk\u00e1t, \u00e9s el\u0151seg\u00edtik a k\u00f6nnyeds\u00e9get. A tejterm\u00e9kek fogyaszt\u00e1s\u00e1t szint\u00e9n \u00e9rdemes minimaliz\u00e1lni.<\/p>\n<p>A kapha \u00e9trend teh\u00e1t nem r\u00f6vid t\u00e1v\u00fa di\u00e9ta, hanem egy <strong>\u00e9lethosszig tart\u00f3 \u00e9letm\u00f3dv\u00e1lt\u00e1s<\/strong>, amely c\u00e9lja a k\u00f6nnyed \u00e9s energikus \u00e1llapot fenntart\u00e1sa. A megfelel\u0151 \u00e9trend seg\u00edthet meg\u0151rizni az egyens\u00falyt \u00e9s el\u0151seg\u00edti a hossz\u00fa t\u00e1v\u00fa j\u00f3ll\u00e9tet.<\/p>\n<h2><img loading=\"lazy\" decoding=\"async\" class=\"alignnone size-full wp-image-7980\" src=\"https:\/\/calendula.hu\/wp-content\/uploads\/2024\/11\/calendula-ayurvedikus-etkezes.webp\" alt=\"\" width=\"1620\" height=\"1080\" srcset=\"https:\/\/calendula.hu\/wp-content\/uploads\/2024\/11\/calendula-ayurvedikus-etkezes.webp 1620w, https:\/\/calendula.hu\/wp-content\/uploads\/2024\/11\/calendula-ayurvedikus-etkezes-300x200.webp 300w, https:\/\/calendula.hu\/wp-content\/uploads\/2024\/11\/calendula-ayurvedikus-etkezes-1024x683.webp 1024w, https:\/\/calendula.hu\/wp-content\/uploads\/2024\/11\/calendula-ayurvedikus-etkezes-768x512.webp 768w, https:\/\/calendula.hu\/wp-content\/uploads\/2024\/11\/calendula-ayurvedikus-etkezes-1536x1024.webp 1536w\" sizes=\"auto, (max-width: 1620px) 100vw, 1620px\" \/><\/h2>\n<h2>Ayurv\u00e9dikus \u00e9tkez\u00e9s: hogyan \u00e9s mikor egy\u00fcnk?<\/h2>\n<p>Az ayurv\u00e9dikus t\u00e1pl\u00e1lkoz\u00e1sban a napi h\u00e1rom f\u0151\u00e9tkez\u00e9st sz\u00e1m\u00edt ide\u00e1lisnak. Az ayurv\u00e9da szerint, ha ezeket megfelel\u0151en \u00e1ll\u00edtjuk \u00f6ssze, a nassol\u00e1s sz\u00fcks\u00e9gtelenn\u00e9 v\u00e1lik. Az \u00e9tkez\u00e9sek k\u00f6z\u00f6tti aj\u00e1nlott id\u0151tartam 3-6 \u00f3ra, \u00e9s \u00e9rdemes minden nap ugyanabban az id\u0151pontban \u00e9tkezni.<\/p>\n<p>Fontos, hogy soha ne egy\u00fcnk, ha nem vagyunk \u00e9hesek \u2013 a test\u00fcnk pontosan jelzi, mikor van sz\u00fcks\u00e9ge t\u00e1pl\u00e1l\u00e9kra, csak figyeln\u00fcnk kell r\u00e1.<\/p>\n<h3>Az \u00e9tkez\u00e9sek fontoss\u00e1ga<\/h3>\n<p><strong>Reggelire <\/strong>olyan \u00e9teleket v\u00e1lasszunk, amelyek nem terhelik meg a gyomrot, de m\u00e9gis elegend\u0151 energi\u00e1t biztos\u00edtanak a nap ind\u00edt\u00e1s\u00e1hoz. Ilyenek lehetnek a smoothie-k vagy a k\u00fcl\u00f6nf\u00e9le gabonak\u00e1s\u00e1k.<\/p>\n<p>A legfontosabb \u00e9tkez\u00e9s az <strong>eb\u00e9d<\/strong>, amit aj\u00e1nlott d\u00e9l \u00e9s k\u00e9t \u00f3ra k\u00f6z\u00f6tt elfogyasztani, mivel ilyenkor m\u0171k\u00f6dik a legjobban az em\u00e9szt\u00e9s. Ebben az id\u0151szakban b\u00e1trabban v\u00e1laszthatunk nehezebb \u00e9teleket is, ugyanis a szervezet ekkor k\u00e9pes a leghat\u00e9konyabban feldolgozni azokat.<\/p>\n<p><strong>Vacsor\u00e1ra <\/strong>k\u00f6nnyebb \u00e9telek aj\u00e1nlottak, \u00e9s legk\u00e9s\u0151bb f\u00e9l nyolcig \u00e9rdemes elfogyasztani \u0151ket. Ha valamilyen okn\u00e1l fogva nem siker\u00fcl ezt betartani, fontos, hogy legal\u00e1bb k\u00e9t \u00f3r\u00e1val lefekv\u00e9s el\u0151tt \u00e9tkezz\u00fcnk utolj\u00e1ra.<\/p>\n<h3>Az is sz\u00e1m\u00edt, hogyan esz\u00fcnk<\/h3>\n<p>Nemcsak az a fontos, mit esz\u00fcnk, hanem az is, hogyan tessz\u00fck azt. Sz\u00e1njunk id\u0151t az \u00e9tkez\u00e9sre, \u00e9s soha ne rohanjunk ev\u00e9s k\u00f6zben! A nyugodt k\u00f6rnyezet, ahol csak az \u00e9tkez\u00e9sre \u00f6sszpontos\u00edtunk, el\u0151seg\u00edti az \u00e9tkez\u00e9s \u00e9lvezet\u00e9t \u00e9s az em\u00e9szt\u00e9st. Fontos, hogy ne n\u00e9zz\u00fcnk t\u00e9v\u00e9t, ne olvassunk k\u00f6zben, valamint ker\u00fclj\u00fck a stresszes helyzeteket. A felzaklatott \u00e9rzelmi \u00e1llapot nemcsak az em\u00e9szt\u00e9sre van rossz hat\u00e1ssal, hanem az \u00e9telv\u00e1laszt\u00e1sra is: ilyenkor hajlamosak vagyunk eg\u00e9szs\u00e9gtelenebb \u00e9telekhez vagy \u00e9dess\u00e9gekhez ny\u00falni.<\/p>\n<p>Az ayurv\u00e9dikus \u00e9trend a d\u00f3s\u00e1nknak \u00e9s az \u00e9vszaknak megfelel\u0151 alapanyagok v\u00e1laszt\u00e1s\u00e1t szorgalmazza. A hangs\u00faly a szezon\u00e1lis gy\u00fcm\u00f6lcs\u00f6k \u00e9s z\u00f6lds\u00e9gek fogyaszt\u00e1s\u00e1n van,illetve k\u00fcl\u00f6n\u00f6sen fontos, hogy az alapanyagok frissen k\u00e9sz\u00fcljenek. A legjobb min\u0151s\u00e9gi hazai \u00e9lelmiszerekb\u0151l f\u0151zni, \u00e9s ker\u00fclni a hossz\u00fa ideig t\u00e1rolt \u00e9teleket. Az \u00edzes\u00edt\u00e9s is kiemelt szerepet kap, hiszen a k\u00fcl\u00f6nf\u00e9le f\u0171szerek nemcsak \u00edzletesebb\u00e9, hanem eg\u00e9szs\u00e9gesebb\u00e9 is teszik az \u00e9teleket.<\/p>\n<p>A gy\u00fcm\u00f6lcs\u00f6k k\u00fcl\u00f6n figyelmet ig\u00e9nyelnek: soha ne fogyasszuk \u0151ket m\u00e1s \u00e9telekkel egy\u00fctt, \u00e9s egyszerre csak 2-3 f\u00e9le gy\u00fcm\u00f6lcs\u00f6t kombin\u00e1ljunk. F\u0151tt \u00e9telek mell\u00e9 nem \u00e9rdemes nyers \u00e9teleket enni \u2013 az ayurv\u00e9da szerint a k\u00e9t t\u00edpus\u00fa \u00e9telt k\u00fcl\u00f6nv\u00e1lasztva fogyasztani a legel\u0151ny\u00f6sebb. Ez az \u00e9trend nem r\u00f6vid t\u00e1v\u00fa megold\u00e1s, hanem egy hossz\u00fa t\u00e1v\u00fa \u00e9letm\u00f3dv\u00e1lt\u00e1s, melynek c\u00e9lja az em\u00e9szt\u00e9s t\u00e1mogat\u00e1sa \u00e9s a testi-lelki egyens\u00faly fenntart\u00e1sa.<\/p>\n<p>Gy\u00f3gy\u00edt\u00f3 ayurv\u00e9dikus \u00e9tkez\u00e9s a Calendula Klinik\u00e1n<\/p>\n<p>A Calendula Klinika autentikus ayurv\u00e9dikus \u00e9tkez\u00e9st k\u00edn\u00e1l a k\u00fcl\u00f6nf\u00e9le d\u00f3sa-t\u00edpus\u00fa, gy\u00f3gyulni \u00e9s m\u00e9regtelen\u00edteni k\u00edv\u00e1n\u00f3 vend\u00e9gek sz\u00e1m\u00e1ra. Az ayurv\u00e9dikus tiszt\u00edt\u00f3kezel\u00e9sek mellett a Calendula Klinika szakemberei akut \u00e9s kr\u00f3nikus betegs\u00e9gek gy\u00f3gy\u00edt\u00e1s\u00e1ban is seg\u00edts\u00e9get ny\u00fajtanak.<\/p>\t\t\t\t\t\t\t\t<\/div>\n\t\t\t\t<\/div>\n\t\t\t\t<div class=\"elementor-element elementor-element-3b85ab6 elementor-align-center elementor-widget elementor-widget-button\" data-id=\"3b85ab6\" data-element_type=\"widget\" data-e-type=\"widget\" data-widget_type=\"button.default\">\n\t\t\t\t<div class=\"elementor-widget-container\">\n\t\t\t\t\t\t\t\t\t<div class=\"elementor-button-wrapper\">\n\t\t\t\t\t<a class=\"elementor-button elementor-button-link elementor-size-sm\" href=\"\/kapcsolat\">\n\t\t\t\t\t\t<span class=\"elementor-button-content-wrapper\">\n\t\t\t\t\t\t\t\t\t<span class=\"elementor-button-text\">Foglalok id\u0151pontot<\/span>\n\t\t\t\t\t<\/span>\n\t\t\t\t\t<\/a>\n\t\t\t\t<\/div>\n\t\t\t\t\t\t\t\t<\/div>\n\t\t\t\t<\/div>\n\t\t\t\t\t<\/div>\n\t\t<\/div>\n\t\t\t\t\t<\/div>\n\t\t<\/section>\n\t\t\t\t<\/div>\n\t\t","protected":false},"excerpt":{"rendered":"<p>A keleti orvosl\u00e1s \u00fagy tartja, a helytelen \u00e9tkez\u00e9s minden eg\u00e9szs\u00e9g\u00fcgyi probl\u00e9ma forr\u00e1sa. Az ayurv\u00e9dikus \u00e9tkez\u00e9s alapelvei szerint az \u00e9lelmiszerek nemcsak a testet t\u00e1pl\u00e1lj\u00e1k, hanem a lelket is. Ez\u00e9rt \u00e9rdemes k\u00f6vetn\u00fcnk az \u00fan. d\u00f3s\u00e1k szerinti beoszt\u00e1st, amely szerint temperamentumunknak \u00e9s alkatunknak megfelel\u0151 \u00e9teleket fogyasztunk. Ez alapj\u00e1n kapha, pitta \u00e9s vata \u00e9trendek k\u00fcl\u00f6n\u00edthet\u0151ek el, amelyek alapj\u00e1n szem\u00e9lyre [&hellip;]<\/p>\n","protected":false},"author":9,"featured_media":7979,"comment_status":"closed","ping_status":"open","sticky":false,"template":"","format":"standard","meta":{"footnotes":""},"categories":[44],"tags":[],"class_list":["post-7975","post","type-post","status-publish","format-standard","has-post-thumbnail","hentry","category-cikkek-publikaciok"],"yoast_head":"<!-- This site is optimized with the Yoast SEO Premium plugin v19.5 (Yoast SEO v27.4) - https:\/\/yoast.com\/product\/yoast-seo-premium-wordpress\/ -->\n<title>D\u00f3s\u00e1k szerinti ayurv\u00e9dikus \u00e9tkez\u00e9s alapjai - Calendula Klinika - Si\u00f3fok<\/title>\n<meta name=\"robots\" content=\"index, follow, max-snippet:-1, max-image-preview:large, max-video-preview:-1\" \/>\n<link rel=\"canonical\" href=\"https:\/\/calendula.hu\/hu\/dosak-szerinti-ayurvedikus-etkezes-alapjai\/\" \/>\n<meta property=\"og:locale\" content=\"hu_HU\" \/>\n<meta property=\"og:type\" content=\"article\" \/>\n<meta property=\"og:title\" content=\"D\u00f3s\u00e1k szerinti ayurv\u00e9dikus \u00e9tkez\u00e9s alapjai\" \/>\n<meta property=\"og:description\" content=\"A keleti orvosl\u00e1s \u00fagy tartja, a helytelen \u00e9tkez\u00e9s minden eg\u00e9szs\u00e9g\u00fcgyi probl\u00e9ma forr\u00e1sa. Az ayurv\u00e9dikus \u00e9tkez\u00e9s alapelvei szerint az \u00e9lelmiszerek nemcsak a testet t\u00e1pl\u00e1lj\u00e1k, hanem a lelket is. Ez\u00e9rt \u00e9rdemes k\u00f6vetn\u00fcnk az \u00fan. d\u00f3s\u00e1k szerinti beoszt\u00e1st, amely szerint temperamentumunknak \u00e9s alkatunknak megfelel\u0151 \u00e9teleket fogyasztunk. Ez alapj\u00e1n kapha, pitta \u00e9s vata \u00e9trendek k\u00fcl\u00f6n\u00edthet\u0151ek el, amelyek alapj\u00e1n szem\u00e9lyre [&hellip;]\" \/>\n<meta property=\"og:url\" content=\"https:\/\/calendula.hu\/hu\/dosak-szerinti-ayurvedikus-etkezes-alapjai\/\" \/>\n<meta property=\"og:site_name\" content=\"Calendula Klinika - Si\u00f3fok\" \/>\n<meta property=\"article:published_time\" content=\"2024-11-27T10:16:37+00:00\" \/>\n<meta property=\"article:modified_time\" content=\"2025-02-11T08:50:56+00:00\" \/>\n<meta property=\"og:image\" content=\"https:\/\/calendula.hu\/wp-content\/uploads\/2024\/11\/calendula-ayurvedikus-etkezes-vata-pita-etrend.webp\" \/>\n\t<meta property=\"og:image:width\" content=\"1920\" \/>\n\t<meta property=\"og:image:height\" content=\"1076\" \/>\n\t<meta property=\"og:image:type\" content=\"image\/webp\" \/>\n<meta name=\"author\" content=\"Calendula\" \/>\n<meta name=\"twitter:card\" content=\"summary_large_image\" \/>\n<meta name=\"twitter:label1\" content=\"Szerz\u0151:\" \/>\n\t<meta name=\"twitter:data1\" content=\"Calendula\" \/>\n\t<meta name=\"twitter:label2\" content=\"Becs\u00fclt olvas\u00e1si id\u0151\" \/>\n\t<meta name=\"twitter:data2\" content=\"10 perc\" \/>\n<script type=\"application\/ld+json\" class=\"yoast-schema-graph\">{\"@context\":\"https:\\\/\\\/schema.org\",\"@graph\":[{\"@type\":\"Article\",\"@id\":\"https:\\\/\\\/calendula.hu\\\/dosak-szerinti-ayurvedikus-etkezes-alapjai\\\/#article\",\"isPartOf\":{\"@id\":\"https:\\\/\\\/calendula.hu\\\/dosak-szerinti-ayurvedikus-etkezes-alapjai\\\/\"},\"author\":{\"name\":\"Calendula\",\"@id\":\"https:\\\/\\\/calendula.hu\\\/#\\\/schema\\\/person\\\/998d88d990182b1b0a239208cce19f7f\"},\"headline\":\"D\u00f3s\u00e1k szerinti ayurv\u00e9dikus \u00e9tkez\u00e9s alapjai\",\"datePublished\":\"2024-11-27T10:16:37+00:00\",\"dateModified\":\"2025-02-11T08:50:56+00:00\",\"mainEntityOfPage\":{\"@id\":\"https:\\\/\\\/calendula.hu\\\/dosak-szerinti-ayurvedikus-etkezes-alapjai\\\/\"},\"wordCount\":2632,\"image\":{\"@id\":\"https:\\\/\\\/calendula.hu\\\/dosak-szerinti-ayurvedikus-etkezes-alapjai\\\/#primaryimage\"},\"thumbnailUrl\":\"https:\\\/\\\/calendula.hu\\\/wp-content\\\/uploads\\\/2024\\\/11\\\/calendula-ayurvedikus-etkezes-vata-pita-etrend.webp\",\"articleSection\":[\"cikkek, publik\u00e1ci\u00f3k\"],\"inLanguage\":\"hu\"},{\"@type\":\"WebPage\",\"@id\":\"https:\\\/\\\/calendula.hu\\\/dosak-szerinti-ayurvedikus-etkezes-alapjai\\\/\",\"url\":\"https:\\\/\\\/calendula.hu\\\/dosak-szerinti-ayurvedikus-etkezes-alapjai\\\/\",\"name\":\"D\u00f3s\u00e1k szerinti ayurv\u00e9dikus \u00e9tkez\u00e9s alapjai - Calendula Klinika - Si\u00f3fok\",\"isPartOf\":{\"@id\":\"https:\\\/\\\/calendula.hu\\\/#website\"},\"primaryImageOfPage\":{\"@id\":\"https:\\\/\\\/calendula.hu\\\/dosak-szerinti-ayurvedikus-etkezes-alapjai\\\/#primaryimage\"},\"image\":{\"@id\":\"https:\\\/\\\/calendula.hu\\\/dosak-szerinti-ayurvedikus-etkezes-alapjai\\\/#primaryimage\"},\"thumbnailUrl\":\"https:\\\/\\\/calendula.hu\\\/wp-content\\\/uploads\\\/2024\\\/11\\\/calendula-ayurvedikus-etkezes-vata-pita-etrend.webp\",\"datePublished\":\"2024-11-27T10:16:37+00:00\",\"dateModified\":\"2025-02-11T08:50:56+00:00\",\"author\":{\"@id\":\"https:\\\/\\\/calendula.hu\\\/#\\\/schema\\\/person\\\/998d88d990182b1b0a239208cce19f7f\"},\"breadcrumb\":{\"@id\":\"https:\\\/\\\/calendula.hu\\\/dosak-szerinti-ayurvedikus-etkezes-alapjai\\\/#breadcrumb\"},\"inLanguage\":\"hu\",\"potentialAction\":[{\"@type\":\"ReadAction\",\"target\":[\"https:\\\/\\\/calendula.hu\\\/dosak-szerinti-ayurvedikus-etkezes-alapjai\\\/\"]}]},{\"@type\":\"ImageObject\",\"inLanguage\":\"hu\",\"@id\":\"https:\\\/\\\/calendula.hu\\\/dosak-szerinti-ayurvedikus-etkezes-alapjai\\\/#primaryimage\",\"url\":\"https:\\\/\\\/calendula.hu\\\/wp-content\\\/uploads\\\/2024\\\/11\\\/calendula-ayurvedikus-etkezes-vata-pita-etrend.webp\",\"contentUrl\":\"https:\\\/\\\/calendula.hu\\\/wp-content\\\/uploads\\\/2024\\\/11\\\/calendula-ayurvedikus-etkezes-vata-pita-etrend.webp\",\"width\":1920,\"height\":1076},{\"@type\":\"BreadcrumbList\",\"@id\":\"https:\\\/\\\/calendula.hu\\\/dosak-szerinti-ayurvedikus-etkezes-alapjai\\\/#breadcrumb\",\"itemListElement\":[{\"@type\":\"ListItem\",\"position\":1,\"name\":\"Home\",\"item\":\"https:\\\/\\\/calendula.hu\\\/\"},{\"@type\":\"ListItem\",\"position\":2,\"name\":\"D\u00f3s\u00e1k szerinti ayurv\u00e9dikus \u00e9tkez\u00e9s alapjai\"}]},{\"@type\":\"WebSite\",\"@id\":\"https:\\\/\\\/calendula.hu\\\/#website\",\"url\":\"https:\\\/\\\/calendula.hu\\\/\",\"name\":\"Calendula Klinika - Si\u00f3fok\",\"description\":\"\",\"potentialAction\":[{\"@type\":\"SearchAction\",\"target\":{\"@type\":\"EntryPoint\",\"urlTemplate\":\"https:\\\/\\\/calendula.hu\\\/?s={search_term_string}\"},\"query-input\":{\"@type\":\"PropertyValueSpecification\",\"valueRequired\":true,\"valueName\":\"search_term_string\"}}],\"inLanguage\":\"hu\"},{\"@type\":\"Person\",\"@id\":\"https:\\\/\\\/calendula.hu\\\/#\\\/schema\\\/person\\\/998d88d990182b1b0a239208cce19f7f\",\"name\":\"Calendula\",\"image\":{\"@type\":\"ImageObject\",\"inLanguage\":\"hu\",\"@id\":\"https:\\\/\\\/secure.gravatar.com\\\/avatar\\\/249690c24b1161d99c031505025f1c47094231ba25ba1e283905794866d6bb22?s=96&d=mm&r=g\",\"url\":\"https:\\\/\\\/secure.gravatar.com\\\/avatar\\\/249690c24b1161d99c031505025f1c47094231ba25ba1e283905794866d6bb22?s=96&d=mm&r=g\",\"contentUrl\":\"https:\\\/\\\/secure.gravatar.com\\\/avatar\\\/249690c24b1161d99c031505025f1c47094231ba25ba1e283905794866d6bb22?s=96&d=mm&r=g\",\"caption\":\"Calendula\"},\"url\":\"https:\\\/\\\/calendula.hu\\\/hu\\\/author\\\/calendula\\\/\"}]}<\/script>\n<!-- \/ Yoast SEO Premium plugin. -->","yoast_head_json":{"title":"D\u00f3s\u00e1k szerinti ayurv\u00e9dikus \u00e9tkez\u00e9s alapjai - Calendula Klinika - Si\u00f3fok","robots":{"index":"index","follow":"follow","max-snippet":"max-snippet:-1","max-image-preview":"max-image-preview:large","max-video-preview":"max-video-preview:-1"},"canonical":"https:\/\/calendula.hu\/hu\/dosak-szerinti-ayurvedikus-etkezes-alapjai\/","og_locale":"hu_HU","og_type":"article","og_title":"D\u00f3s\u00e1k szerinti ayurv\u00e9dikus \u00e9tkez\u00e9s alapjai","og_description":"A keleti orvosl\u00e1s \u00fagy tartja, a helytelen \u00e9tkez\u00e9s minden eg\u00e9szs\u00e9g\u00fcgyi probl\u00e9ma forr\u00e1sa. Az ayurv\u00e9dikus \u00e9tkez\u00e9s alapelvei szerint az \u00e9lelmiszerek nemcsak a testet t\u00e1pl\u00e1lj\u00e1k, hanem a lelket is. Ez\u00e9rt \u00e9rdemes k\u00f6vetn\u00fcnk az \u00fan. d\u00f3s\u00e1k szerinti beoszt\u00e1st, amely szerint temperamentumunknak \u00e9s alkatunknak megfelel\u0151 \u00e9teleket fogyasztunk. Ez alapj\u00e1n kapha, pitta \u00e9s vata \u00e9trendek k\u00fcl\u00f6n\u00edthet\u0151ek el, amelyek alapj\u00e1n szem\u00e9lyre [&hellip;]","og_url":"https:\/\/calendula.hu\/hu\/dosak-szerinti-ayurvedikus-etkezes-alapjai\/","og_site_name":"Calendula Klinika - Si\u00f3fok","article_published_time":"2024-11-27T10:16:37+00:00","article_modified_time":"2025-02-11T08:50:56+00:00","og_image":[{"width":1920,"height":1076,"url":"https:\/\/calendula.hu\/wp-content\/uploads\/2024\/11\/calendula-ayurvedikus-etkezes-vata-pita-etrend.webp","type":"image\/webp"}],"author":"Calendula","twitter_card":"summary_large_image","twitter_misc":{"Szerz\u0151:":"Calendula","Becs\u00fclt olvas\u00e1si id\u0151":"10 perc"},"schema":{"@context":"https:\/\/schema.org","@graph":[{"@type":"Article","@id":"https:\/\/calendula.hu\/dosak-szerinti-ayurvedikus-etkezes-alapjai\/#article","isPartOf":{"@id":"https:\/\/calendula.hu\/dosak-szerinti-ayurvedikus-etkezes-alapjai\/"},"author":{"name":"Calendula","@id":"https:\/\/calendula.hu\/#\/schema\/person\/998d88d990182b1b0a239208cce19f7f"},"headline":"D\u00f3s\u00e1k szerinti ayurv\u00e9dikus \u00e9tkez\u00e9s alapjai","datePublished":"2024-11-27T10:16:37+00:00","dateModified":"2025-02-11T08:50:56+00:00","mainEntityOfPage":{"@id":"https:\/\/calendula.hu\/dosak-szerinti-ayurvedikus-etkezes-alapjai\/"},"wordCount":2632,"image":{"@id":"https:\/\/calendula.hu\/dosak-szerinti-ayurvedikus-etkezes-alapjai\/#primaryimage"},"thumbnailUrl":"https:\/\/calendula.hu\/wp-content\/uploads\/2024\/11\/calendula-ayurvedikus-etkezes-vata-pita-etrend.webp","articleSection":["cikkek, publik\u00e1ci\u00f3k"],"inLanguage":"hu"},{"@type":"WebPage","@id":"https:\/\/calendula.hu\/dosak-szerinti-ayurvedikus-etkezes-alapjai\/","url":"https:\/\/calendula.hu\/dosak-szerinti-ayurvedikus-etkezes-alapjai\/","name":"D\u00f3s\u00e1k szerinti ayurv\u00e9dikus \u00e9tkez\u00e9s alapjai - Calendula Klinika - Si\u00f3fok","isPartOf":{"@id":"https:\/\/calendula.hu\/#website"},"primaryImageOfPage":{"@id":"https:\/\/calendula.hu\/dosak-szerinti-ayurvedikus-etkezes-alapjai\/#primaryimage"},"image":{"@id":"https:\/\/calendula.hu\/dosak-szerinti-ayurvedikus-etkezes-alapjai\/#primaryimage"},"thumbnailUrl":"https:\/\/calendula.hu\/wp-content\/uploads\/2024\/11\/calendula-ayurvedikus-etkezes-vata-pita-etrend.webp","datePublished":"2024-11-27T10:16:37+00:00","dateModified":"2025-02-11T08:50:56+00:00","author":{"@id":"https:\/\/calendula.hu\/#\/schema\/person\/998d88d990182b1b0a239208cce19f7f"},"breadcrumb":{"@id":"https:\/\/calendula.hu\/dosak-szerinti-ayurvedikus-etkezes-alapjai\/#breadcrumb"},"inLanguage":"hu","potentialAction":[{"@type":"ReadAction","target":["https:\/\/calendula.hu\/dosak-szerinti-ayurvedikus-etkezes-alapjai\/"]}]},{"@type":"ImageObject","inLanguage":"hu","@id":"https:\/\/calendula.hu\/dosak-szerinti-ayurvedikus-etkezes-alapjai\/#primaryimage","url":"https:\/\/calendula.hu\/wp-content\/uploads\/2024\/11\/calendula-ayurvedikus-etkezes-vata-pita-etrend.webp","contentUrl":"https:\/\/calendula.hu\/wp-content\/uploads\/2024\/11\/calendula-ayurvedikus-etkezes-vata-pita-etrend.webp","width":1920,"height":1076},{"@type":"BreadcrumbList","@id":"https:\/\/calendula.hu\/dosak-szerinti-ayurvedikus-etkezes-alapjai\/#breadcrumb","itemListElement":[{"@type":"ListItem","position":1,"name":"Home","item":"https:\/\/calendula.hu\/"},{"@type":"ListItem","position":2,"name":"D\u00f3s\u00e1k szerinti ayurv\u00e9dikus \u00e9tkez\u00e9s alapjai"}]},{"@type":"WebSite","@id":"https:\/\/calendula.hu\/#website","url":"https:\/\/calendula.hu\/","name":"Calendula Klinika - Si\u00f3fok","description":"","potentialAction":[{"@type":"SearchAction","target":{"@type":"EntryPoint","urlTemplate":"https:\/\/calendula.hu\/?s={search_term_string}"},"query-input":{"@type":"PropertyValueSpecification","valueRequired":true,"valueName":"search_term_string"}}],"inLanguage":"hu"},{"@type":"Person","@id":"https:\/\/calendula.hu\/#\/schema\/person\/998d88d990182b1b0a239208cce19f7f","name":"Calendula","image":{"@type":"ImageObject","inLanguage":"hu","@id":"https:\/\/secure.gravatar.com\/avatar\/249690c24b1161d99c031505025f1c47094231ba25ba1e283905794866d6bb22?s=96&d=mm&r=g","url":"https:\/\/secure.gravatar.com\/avatar\/249690c24b1161d99c031505025f1c47094231ba25ba1e283905794866d6bb22?s=96&d=mm&r=g","contentUrl":"https:\/\/secure.gravatar.com\/avatar\/249690c24b1161d99c031505025f1c47094231ba25ba1e283905794866d6bb22?s=96&d=mm&r=g","caption":"Calendula"},"url":"https:\/\/calendula.hu\/hu\/author\/calendula\/"}]}},"_links":{"self":[{"href":"https:\/\/calendula.hu\/hu\/wp-json\/wp\/v2\/posts\/7975","targetHints":{"allow":["GET"]}}],"collection":[{"href":"https:\/\/calendula.hu\/hu\/wp-json\/wp\/v2\/posts"}],"about":[{"href":"https:\/\/calendula.hu\/hu\/wp-json\/wp\/v2\/types\/post"}],"author":[{"embeddable":true,"href":"https:\/\/calendula.hu\/hu\/wp-json\/wp\/v2\/users\/9"}],"replies":[{"embeddable":true,"href":"https:\/\/calendula.hu\/hu\/wp-json\/wp\/v2\/comments?post=7975"}],"version-history":[{"count":17,"href":"https:\/\/calendula.hu\/hu\/wp-json\/wp\/v2\/posts\/7975\/revisions"}],"predecessor-version":[{"id":8689,"href":"https:\/\/calendula.hu\/hu\/wp-json\/wp\/v2\/posts\/7975\/revisions\/8689"}],"wp:featuredmedia":[{"embeddable":true,"href":"https:\/\/calendula.hu\/hu\/wp-json\/wp\/v2\/media\/7979"}],"wp:attachment":[{"href":"https:\/\/calendula.hu\/hu\/wp-json\/wp\/v2\/media?parent=7975"}],"wp:term":[{"taxonomy":"category","embeddable":true,"href":"https:\/\/calendula.hu\/hu\/wp-json\/wp\/v2\/categories?post=7975"},{"taxonomy":"post_tag","embeddable":true,"href":"https:\/\/calendula.hu\/hu\/wp-json\/wp\/v2\/tags?post=7975"}],"curies":[{"name":"wp","href":"https:\/\/api.w.org\/{rel}","templated":true}]}}