{"id":8037,"date":"2024-12-13T00:04:59","date_gmt":"2024-12-12T23:04:59","guid":{"rendered":"https:\/\/calendula.hu\/?p=8037"},"modified":"2024-12-13T00:04:59","modified_gmt":"2024-12-12T23:04:59","slug":"hogyan-segit-az-akupunktura","status":"publish","type":"post","link":"https:\/\/calendula.hu\/hu\/hogyan-segit-az-akupunktura\/","title":{"rendered":"Hogyan seg\u00edt az akupunkt\u00fara?"},"content":{"rendered":"\t\t<div data-elementor-type=\"wp-post\" data-elementor-id=\"8037\" class=\"elementor elementor-8037\" data-elementor-post-type=\"post\">\n\t\t\t\t\t\t<section class=\"elementor-section elementor-top-section elementor-element elementor-element-a9d62d4 elementor-section-boxed elementor-section-height-default elementor-section-height-default\" data-id=\"a9d62d4\" data-element_type=\"section\" data-e-type=\"section\">\n\t\t\t\t\t\t<div class=\"elementor-container elementor-column-gap-default\">\n\t\t\t\t\t<div class=\"elementor-column elementor-col-100 elementor-top-column elementor-element elementor-element-a654953\" data-id=\"a654953\" data-element_type=\"column\" data-e-type=\"column\">\n\t\t\t<div class=\"elementor-widget-wrap elementor-element-populated\">\n\t\t\t\t\t\t<div class=\"elementor-element elementor-element-e1724ae elementor-widget elementor-widget-text-editor\" data-id=\"e1724ae\" data-element_type=\"widget\" data-e-type=\"widget\" data-widget_type=\"text-editor.default\">\n\t\t\t\t<div class=\"elementor-widget-container\">\n\t\t\t\t\t\t\t\t\t<p>Az akupunkt\u00fara t\u00f6bb ezer \u00e9ves m\u00faltra visszatekint\u0151, hagyom\u00e1nyos k\u00ednai gy\u00f3gym\u00f3d. Alapelvei szerint a testben \u00e1raml\u00f3 \u00e9letenergia, a qi (ejtsd: csi), egyens\u00faly\u00e1nak megteremt\u00e9se. Megk\u00f6zel\u00edt\u00e9s\u00fck szerint ez az \u00e9letenergia a szervezet\u00fcnkben meghat\u00e1rozott csatorn\u00e1kon (\u00fan. meridi\u00e1nokon) kereszt\u00fcl kering. Ha valami ezt az \u00e1raml\u00e1st akad\u00e1lyozza, az betegs\u00e9geket, f\u00e1jdalmat \u00e9s rossz k\u00f6z\u00e9rzetet okoz. Az akupunkt\u00fara megl\u00e1t\u00e1sa szerint a qi kiegyens\u00falyoz\u00e1sa a test \u00f6ngy\u00f3gy\u00edt\u00f3 folyamatait is beind\u00edtja. Maga a m\u00f3dszer a test meghat\u00e1rozott pontjain finom t\u0171k besz\u00far\u00e1s\u00e1t foglalja mag\u00e1ba. Az elm\u00falt \u00e9vtizedekben a m\u00f3dszer egyre n\u00e9pszer\u0171bb\u00e9 v\u00e1lt, elterjedt nemcsak a T\u00e1vol-Keleten, hanem haz\u00e1nkban is. Kutat\u00e1sok igazolt\u00e1k, hogy sz\u00e1mos betegs\u00e9g kezel\u00e9s\u00e9ben biztons\u00e1gos \u00e9s f\u00e1jdalommentes alternat\u00edv\u00e1t ny\u00fajt a modern ter\u00e1pi\u00e1k mellett, illetve azok kieg\u00e9sz\u00edt\u0151jek\u00e9nt.<\/p>\t\t\t\t\t\t\t\t<\/div>\n\t\t\t\t<\/div>\n\t\t\t\t\t<\/div>\n\t\t<\/div>\n\t\t\t\t\t<\/div>\n\t\t<\/section>\n\t\t\t\t<section class=\"elementor-section elementor-top-section elementor-element elementor-element-ef40b02 elementor-section-boxed elementor-section-height-default elementor-section-height-default\" data-id=\"ef40b02\" data-element_type=\"section\" data-e-type=\"section\">\n\t\t\t\t\t\t<div class=\"elementor-container elementor-column-gap-default\">\n\t\t\t\t\t<div class=\"elementor-column elementor-col-100 elementor-top-column elementor-element elementor-element-86083af\" data-id=\"86083af\" data-element_type=\"column\" data-e-type=\"column\">\n\t\t\t<div class=\"elementor-widget-wrap elementor-element-populated\">\n\t\t\t\t\t\t<div class=\"elementor-element elementor-element-f605741 elementor-widget elementor-widget-image\" data-id=\"f605741\" data-element_type=\"widget\" data-e-type=\"widget\" data-widget_type=\"image.default\">\n\t\t\t\t<div class=\"elementor-widget-container\">\n\t\t\t\t\t\t\t\t\t\t\t\t\t\t\t<img loading=\"lazy\" decoding=\"async\" width=\"1920\" height=\"1012\" src=\"https:\/\/calendula.hu\/wp-content\/uploads\/2024\/12\/calendula-akupunkturas-kezeles.webp\" class=\"attachment-full size-full wp-image-8049\" alt=\"Fiatal n\u0151i p\u00e1ciens nyak\u00e1ra helyeznek fel akupunkt\u00far\u00e1s t\u0171ket\" srcset=\"https:\/\/calendula.hu\/wp-content\/uploads\/2024\/12\/calendula-akupunkturas-kezeles.webp 1920w, https:\/\/calendula.hu\/wp-content\/uploads\/2024\/12\/calendula-akupunkturas-kezeles-300x158.webp 300w, https:\/\/calendula.hu\/wp-content\/uploads\/2024\/12\/calendula-akupunkturas-kezeles-1024x540.webp 1024w, https:\/\/calendula.hu\/wp-content\/uploads\/2024\/12\/calendula-akupunkturas-kezeles-768x405.webp 768w, https:\/\/calendula.hu\/wp-content\/uploads\/2024\/12\/calendula-akupunkturas-kezeles-1536x810.webp 1536w\" sizes=\"auto, (max-width: 1920px) 100vw, 1920px\" \/>\t\t\t\t\t\t\t\t\t\t\t\t\t\t\t<\/div>\n\t\t\t\t<\/div>\n\t\t\t\t\t<\/div>\n\t\t<\/div>\n\t\t\t\t\t<\/div>\n\t\t<\/section>\n\t\t\t\t<section class=\"elementor-section elementor-top-section elementor-element elementor-element-787e8b1 elementor-section-boxed elementor-section-height-default elementor-section-height-default\" data-id=\"787e8b1\" data-element_type=\"section\" data-e-type=\"section\">\n\t\t\t\t\t\t<div class=\"elementor-container elementor-column-gap-default\">\n\t\t\t\t\t<div class=\"elementor-column elementor-col-100 elementor-top-column elementor-element elementor-element-112cca0\" data-id=\"112cca0\" data-element_type=\"column\" data-e-type=\"column\">\n\t\t\t<div class=\"elementor-widget-wrap elementor-element-populated\">\n\t\t\t\t\t\t<div class=\"elementor-element elementor-element-1baa28f elementor-widget elementor-widget-text-editor\" data-id=\"1baa28f\" data-element_type=\"widget\" data-e-type=\"widget\" data-widget_type=\"text-editor.default\">\n\t\t\t\t<div class=\"elementor-widget-container\">\n\t\t\t\t\t\t\t\t\t<h2>Hogyan m\u0171k\u00f6dik az akupunkt\u00fara?<\/h2><p>Az akupunkt\u00far\u00e1s kezel\u00e9s sor\u00e1n apr\u00f3, hajsz\u00e1lv\u00e9kony t\u0171ket haszn\u00e1lnak. A test\u00fcnket beh\u00e1l\u00f3z\u00f3 meridi\u00e1nok meghat\u00e1rozott pontjain elhelyezve szab\u00e1lyozz\u00e1k a qi \u00e1raml\u00e1s\u00e1t. A t\u0171k \u00e1ltal kiv\u00e1ltott stimul\u00e1ci\u00f3 aktiv\u00e1lja a k\u00f6zponti idegrendszer\u00fcnket, ahol endorfin hormont, vagyis term\u00e9szetes f\u00e1jdalomcsillap\u00edt\u00f3t szabad\u00edt fel. A beavatkoz\u00e1s jav\u00edtja a v\u00e9rkering\u00e9st is, aminek k\u00f6vetkezt\u00e9ben \u00e9l\u00e9nk\u00fcl az oxig\u00e9n- \u00e9s t\u00e1panyagsz\u00e1ll\u00edt\u00e1s az \u00e9rintett ter\u00fcleten. Emellett cs\u00f6kkenti a gyullad\u00e1st \u00e9s az izmok fesz\u00fclts\u00e9g\u00e9t. \u00c1ltal\u00e1nos j\u00f3t\u00e9kony hat\u00e1sa, hogy seg\u00edti a szervezet relax\u00e1ci\u00f3j\u00e1t, ez\u00e1ltal jav\u00edtja a k\u00f6z\u00e9rzetet \u00e9s az \u00e1ltal\u00e1nos j\u00f3l-l\u00e9tet.<\/p><h2>Mi\u00e9rt n\u00e9pszer\u0171 az akupunkt\u00fara a modern kezel\u00e9sek kieg\u00e9sz\u00edt\u0151jek\u00e9nt?<\/h2><p>A stressz \u00e9s a mozg\u00e1sszeg\u00e9ny \u00e9letm\u00f3d szinte minden modern embert jellemez. Ebben a helyzetben az akupunkt\u00fara egy k\u00f6nnyen el\u00e9rhet\u0151, term\u00e9szetes \u00e9s mell\u00e9khat\u00e1sokt\u00f3l mentes megold\u00e1st jelent. Az akupunkt\u00far\u00e1s kezel\u00e9s nem a t\u00fcneteket, hanem az okokat kezeli. Vagyis, a probl\u00e9ma gy\u00f6ker\u00e9re k\u00edn\u00e1l megold\u00e1st, ide\u00e1lis esetben teljes t\u00fcnetmentess\u00e9get \u00e9s gy\u00f3gyul\u00e1st kiv\u00e1ltva. Ezzel seg\u00edti a test \u00e9s a l\u00e9lek harm\u00f3ni\u00e1j\u00e1nak helyre\u00e1ll\u00edt\u00e1s\u00e1t.<\/p><h3>Mire j\u00f3 az akupunkt\u00fara mint megk\u00f6zel\u00edt\u00e9s?<\/h3><p>Az akupunkt\u00fara n\u00e9pszer\u0171s\u00e9g\u00e9t sz\u00e1mos tapasztalatra \u00e9s jellemz\u0151re vezetik vissza. Ezekben a jellemz\u00e9sekben azonban k\u00f6z\u00f6s, hogy kiemelik, mennyire hat\u00e9kony <strong>komplementer ter\u00e1pia<\/strong>k\u00e9nt. A nyugati orvosi megk\u00f6zel\u00edt\u00e9seket, gy\u00f3gym\u00f3dokat, mint a gy\u00f3gyszeres kezel\u00e9s vagy a fizioter\u00e1pia hat\u00e9konyan tudja t\u00e1mogatni. Az ayurv\u00e9d\u00e1hoz hasonl\u00f3an <strong>holisztikus megk\u00f6zel\u00edt\u00e9s<\/strong>t alkalmaz,\u00a0 az emberi testet egys\u00e9gk\u00e9nt kezeli. Az akupunkt\u00far\u00e1ban az egyik ponton v\u00e9gzett beavatkoz\u00e1s a test eg\u00e9sz\u00e9re hat\u00e1ssal van. Ezzel szemben a nyugati orvosl\u00e1s gyakran kiz\u00e1r\u00f3lag egyes szerveket vagy szervrendszereket vizsg\u00e1l k\u00fcl\u00f6n\u00e1ll\u00f3an. Az akupunkt\u00far\u00e1s kezel\u00e9sek k\u00edm\u00e9letesen zajlanak: nem terhelik meg a szervezetet, \u00e9s nem okoznak kellemetlens\u00e9geket vagy mell\u00e9khat\u00e1sokat. Ennek ellen\u00e9re hat\u00e9konyan t\u00e1mogatj\u00e1k a szervezet \u00f6ngy\u00f3gy\u00edt\u00f3 folyamatait.<\/p><h2>Milyen megbeteged\u00e9sek eset\u00e9ben alkalmazz\u00e1k a leggyakrabban?<\/h2><h3>F\u00e1jdalomcsillap\u00edt\u00e1s<\/h3><p>Ha az utca ember\u00e9nek tenn\u00e9nk fel a k\u00e9rd\u00e9st, hogy mire j\u00f3 az akupunkt\u00fara, val\u00f3sz\u00edn\u0171leg legt\u00f6bben a f\u00e1jdalomcsillap\u00edt\u00e1st jel\u00f6ln\u00e9k meg v\u00e1laszk\u00e9nt. A k\u00f6znyelvben ez az a hat\u00e1s, amely legink\u00e1bb indokolja a m\u00f3dszer elfogadotts\u00e1g\u00e1t. Val\u00f3ban n\u00e9pszer\u0171 \u00e9s hat\u00e9kony a h\u00e1t, a nyak \u00e9s az \u00edz\u00fcletek f\u00e1jdalm\u00e1nak csillap\u00edt\u00e1s\u00e1ban. Az izomfesz\u00fclts\u00e9g \u00e9s -merevs\u00e9g old\u00e1sa mellett a gyullad\u00e1s cs\u00f6kkent\u00e9se jelenti a legnagyobb enyh\u00fcl\u00e9st a betegeknek.<\/p>\t\t\t\t\t\t\t\t<\/div>\n\t\t\t\t<\/div>\n\t\t\t\t\t<\/div>\n\t\t<\/div>\n\t\t\t\t\t<\/div>\n\t\t<\/section>\n\t\t\t\t<section class=\"elementor-section elementor-top-section elementor-element elementor-element-8fe2375 elementor-section-boxed elementor-section-height-default elementor-section-height-default\" data-id=\"8fe2375\" data-element_type=\"section\" data-e-type=\"section\">\n\t\t\t\t\t\t<div class=\"elementor-container elementor-column-gap-default\">\n\t\t\t\t\t<div class=\"elementor-column elementor-col-100 elementor-top-column elementor-element elementor-element-bafd81b\" data-id=\"bafd81b\" data-element_type=\"column\" data-e-type=\"column\">\n\t\t\t<div class=\"elementor-widget-wrap elementor-element-populated\">\n\t\t\t\t\t\t<div class=\"elementor-element elementor-element-ee6644a elementor-widget elementor-widget-image\" data-id=\"ee6644a\" data-element_type=\"widget\" data-e-type=\"widget\" data-widget_type=\"image.default\">\n\t\t\t\t<div class=\"elementor-widget-container\">\n\t\t\t\t\t\t\t\t\t\t\t\t\t\t\t<img loading=\"lazy\" decoding=\"async\" width=\"1620\" height=\"1080\" src=\"https:\/\/calendula.hu\/wp-content\/uploads\/2024\/12\/calendula-akupunktura-fajdalomcsillapitas.webp\" class=\"attachment-full size-full wp-image-8050\" alt=\"A c\u00e9lzottan alkalmazott akupunkt\u00far\u00e1s kezel\u00e9s az \u00edz\u00fcleti f\u00e1jdalmakat is hat\u00e9konyan cs\u00f6kkenti\" srcset=\"https:\/\/calendula.hu\/wp-content\/uploads\/2024\/12\/calendula-akupunktura-fajdalomcsillapitas.webp 1620w, https:\/\/calendula.hu\/wp-content\/uploads\/2024\/12\/calendula-akupunktura-fajdalomcsillapitas-300x200.webp 300w, https:\/\/calendula.hu\/wp-content\/uploads\/2024\/12\/calendula-akupunktura-fajdalomcsillapitas-1024x683.webp 1024w, https:\/\/calendula.hu\/wp-content\/uploads\/2024\/12\/calendula-akupunktura-fajdalomcsillapitas-768x512.webp 768w, https:\/\/calendula.hu\/wp-content\/uploads\/2024\/12\/calendula-akupunktura-fajdalomcsillapitas-1536x1024.webp 1536w\" sizes=\"auto, (max-width: 1620px) 100vw, 1620px\" \/>\t\t\t\t\t\t\t\t\t\t\t\t\t\t\t<\/div>\n\t\t\t\t<\/div>\n\t\t\t\t\t<\/div>\n\t\t<\/div>\n\t\t\t\t\t<\/div>\n\t\t<\/section>\n\t\t\t\t<section class=\"elementor-section elementor-top-section elementor-element elementor-element-498594c elementor-section-boxed elementor-section-height-default elementor-section-height-default\" data-id=\"498594c\" data-element_type=\"section\" data-e-type=\"section\">\n\t\t\t\t\t\t<div class=\"elementor-container elementor-column-gap-default\">\n\t\t\t\t\t<div class=\"elementor-column elementor-col-100 elementor-top-column elementor-element elementor-element-fa2dbb0\" data-id=\"fa2dbb0\" data-element_type=\"column\" data-e-type=\"column\">\n\t\t\t<div class=\"elementor-widget-wrap elementor-element-populated\">\n\t\t\t\t\t\t<div class=\"elementor-element elementor-element-3e37588 elementor-widget elementor-widget-text-editor\" data-id=\"3e37588\" data-element_type=\"widget\" data-e-type=\"widget\" data-widget_type=\"text-editor.default\">\n\t\t\t\t<div class=\"elementor-widget-container\">\n\t\t\t\t\t\t\t\t\t<h3>Relax\u00e1ci\u00f3s hat\u00e1s<\/h3><p>Egyre t\u00f6bben fordulnak a nyugtat\u00f3- \u00e9s szorong\u00e1sold\u00f3 tablett\u00e1k szed\u00e9se helyett a term\u00e9szetes megold\u00e1sokhoz, mint a j\u00f3ga, a l\u00e9gz\u0151gyakorlatok vagy \u00e9ppen az akupunkt\u00fara. A kezel\u00e9sek sor\u00e1n a test\u00fcnk akt\u00edv relax\u00e1ci\u00f3s \u00e1llapotba ker\u00fclt, aminek k\u00f6vetkezt\u00e9ben cs\u00f6kken a kortizol (k\u00f6znapi nev\u00e9n a stresszhormon) szintje a szervezet\u00fcnkben.<\/p><h3>\u00c1lmatlans\u00e1g<\/h3><p>A stressz hat\u00e1sai sokakn\u00e1l alv\u00e1szavarokban nyilv\u00e1nulnak meg, m\u00edg m\u00e1sokn\u00e1l k\u00fcl\u00f6nb\u00f6z\u0151 eg\u00e9szs\u00e9g\u00fcgyi probl\u00e9m\u00e1k sz\u00f6v\u0151dm\u00e9nyeik\u00e9nt jelentkeznek. Az akupunkt\u00fara j\u00f3t\u00e9konyan befoly\u00e1solja szervezet\u00fcnk melatonin-termel\u00e9s\u00e9t, amely kulcsszerepet j\u00e1tszik az alv\u00e1si ciklus szab\u00e1lyoz\u00e1s\u00e1ban \u00e9s a pihentet\u0151, m\u00e9ly alv\u00e1s el\u00e9r\u00e9s\u00e9ben.<\/p><h3>Kr\u00f3nikus betegs\u00e9gek t\u00fcneteinek enyh\u00edt\u00e9se<\/h3><p>Sz\u00e1mos olyan kr\u00f3nikus betegs\u00e9g l\u00e9tezik, amelyek t\u00fcnetei enyh\u00edthet\u0151k \u00e9s kord\u00e1ban tarthat\u00f3k az akupunkt\u00fara seg\u00edts\u00e9g\u00e9vel. Migr\u00e9n vagy kr\u00f3nikus fejf\u00e1j\u00e1s eset\u00e9n a f\u00e1jdalom intenzit\u00e1s\u00e1t \u00e9s az el\u0151fordul\u00e1s gyakoris\u00e1g\u00e1t k\u00e9pes hat\u00e9konyan cs\u00f6kkenteni. Az immunrendszer er\u0151s\u00edt\u00e9s\u00e9nek k\u00f6sz\u00f6nhet\u0151en a szezon\u00e1lis allergi\u00e1s t\u00fcneteket is enyh\u00edti. Az irrit\u00e1bilisb\u00e9l-szindr\u00f3m\u00e1ban (IBS) szenved\u0151k sz\u00e1m\u00e1ra pedig cs\u00f6kkenti a puffad\u00e1st \u00e9s a gyomorf\u00e1jdalmat.<\/p><h3>N\u0151gy\u00f3gy\u00e1szati probl\u00e9m\u00e1k<\/h3><p>Az akupunkt\u00fara a hormon\u00e1lis m\u0171k\u00f6d\u00e9sek okozta panaszokat is hat\u00e9konyan enyh\u00edti. A hormon\u00e1lis egyens\u00faly helyre\u00e1ll\u00edt\u00e1s\u00e1val \u00e9s a g\u00f6rcs\u00f6k intenzit\u00e1s\u00e1nak cs\u00f6kkent\u00e9s\u00e9vel hat\u00e9kony megold\u00e1s a menstru\u00e1ci\u00f3s f\u00e1jdalmak ellen. A menopauz\u00e1ban szenved\u0151k eset\u00e9ben pedig a h\u0151hull\u00e1mokkal, az ingerl\u00e9kenys\u00e9ggel \u00e9s az alv\u00e1szavarokkal veszi fel hat\u00e9konyan a harcot.<\/p><h2>Vannak-e a m\u00f3dszernek kock\u00e1zatai?<\/h2><p>Az akupunkt\u00fara alapvet\u0151en biztons\u00e1gos \u00e9s mell\u00e9khat\u00e1sokt\u00f3l mentes elj\u00e1r\u00e1s, ugyanakkor vannak olyan esetek, amikor k\u00f6r\u00fcltekint\u0151 alkalmaz\u00e1sra van sz\u00fcks\u00e9g. Ezekben az \u00e9lethelyzetekben sem tiltott az alkalmaz\u00e1sa, puszt\u00e1n nagyobb k\u00f6r\u00fcltekint\u00e9ssel kell elj\u00e1rni. <strong>V\u00e1rand\u00f3ss\u00e1g<\/strong> eset\u00e9n n\u00e9h\u00e1ny meridi\u00e1n \u00e9s pont a testen ker\u00fclend\u0151, ugyanis ezek a m\u00e9h \u00f6sszeh\u00faz\u00f3d\u00e1s\u00e1t okozhatj\u00e1k. <strong>V\u00e9rz\u00e9kenys\u00e9g<\/strong> eset\u00e9ben vagy <strong>v\u00e9ralvad\u00e1sg\u00e1tl\u00f3 gy\u00f3gyszerek<\/strong> alkalmaz\u00e1sa eset\u00e9n szint\u00e9n fontos a fokozott figyelem. A t\u0171sz\u00far\u00e1sok okozta apr\u00f3 s\u00e9r\u00fcl\u00e9sek v\u00e9rz\u00e9st okozhatnak. <strong>Fert\u0151z\u0151 betegs\u00e9gek <\/strong>vagy <strong>b\u0151rprobl\u00e9m\u00e1k<\/strong> miatt az \u00e9rintett ter\u00fcleteket szint\u00e9n ki kell vonni a kezel\u00e9sb\u0151l a fert\u0151z\u00e9svesz\u00e9ly, illetve a fert\u0151z\u00e9s tov\u00e1bbi terjed\u00e9s\u00e9nek megakad\u00e1lyoz\u00e1sa miatt. A fenti kisebb kock\u00e1zatok is r\u00e1mutatnak, hogy b\u00e1r l\u00e1tsz\u00f3lag egyszer\u0171 m\u00f3dszerr\u0151l van sz\u00f3, az akupunkt\u00far\u00e1t v\u00e9gz\u0151 szakember tapasztalata \u00e9s megfelel\u0151 k\u00e9pzetts\u00e9ge elengedhetetlen. Minden esetben sz\u00fcks\u00e9ges a p\u00e1ciens eg\u00e9szs\u00e9gi \u00e1llapot\u00e1nak ismerete, valamint az ezt lehet\u0151v\u00e9 t\u00e9v\u0151 el\u0151zetes szakorvosi konzult\u00e1ci\u00f3\u00a0.<\/p><h2>Mennyi id\u0151 alatt hat az akupunkt\u00far\u00e1s kezel\u00e9s?<\/h2><p>A kezel\u00e9sek ut\u00e1n a javul\u00e1s \u00e9rz\u00e9kel\u00e9s\u00e9nek ideje p\u00e1ciensenk\u00e9nt elt\u00e9r\u0151. Sz\u00e1mos t\u00e9nyez\u0151 befoly\u00e1solja, hogy mennyi id\u0151t vagy kezel\u00e9st k\u00f6vet\u0151en sz\u00e1molnak be a kedvez\u0151 tapasztalatokr\u00f3l. A legfontosabb befoly\u00e1sol\u00f3 t\u00e9nyez\u0151k a szervezet eg\u00e9szs\u00e9gi \u00e1llapota, valamint a probl\u00e9ma s\u00falyoss\u00e1ga. A szervezet reakci\u00f3k\u00e9pess\u00e9ge is egy\u00e9nenk\u00e9nt v\u00e1ltozik, teh\u00e1t k\u00e9t, azonos eg\u00e9szs\u00e9gi \u00e1llapot\u00fa ember eset\u00e9ben sem azonos temp\u00f3ban \u00e9rz\u0151dik a javul\u00e1s.<\/p><p>F\u00e1jdalomcsillap\u00edt\u00e1s \u00e9s stresszold\u00e1s eset\u00e9n sz\u00e1mos esetben a betegek m\u00e1r az els\u0151 kezel\u00e9st k\u00f6vet\u0151en javul\u00e1sr\u00f3l sz\u00e1molnak be. Akut probl\u00e9m\u00e1k eset\u00e9ben, illetve \u00f6sszetettebb diagn\u00f3zisn\u00e1l, jellemz\u0151en 3-5 alkalom ut\u00e1n \u00e9rz\u00e9kelik az els\u0151 pozit\u00edv v\u00e1ltoz\u00e1sokat. A teljes javul\u00e1s idej\u00e9t hetekben vagy h\u00f3napokban m\u00e9rhetj\u00fck.<\/p>\t\t\t\t\t\t\t\t<\/div>\n\t\t\t\t<\/div>\n\t\t\t\t\t<\/div>\n\t\t<\/div>\n\t\t\t\t\t<\/div>\n\t\t<\/section>\n\t\t\t\t<section class=\"elementor-section elementor-top-section elementor-element elementor-element-ed9bf02 elementor-section-boxed elementor-section-height-default elementor-section-height-default\" data-id=\"ed9bf02\" data-element_type=\"section\" data-e-type=\"section\">\n\t\t\t\t\t\t<div class=\"elementor-container elementor-column-gap-default\">\n\t\t\t\t\t<div class=\"elementor-column elementor-col-100 elementor-top-column elementor-element elementor-element-1dd3d47\" data-id=\"1dd3d47\" data-element_type=\"column\" data-e-type=\"column\">\n\t\t\t<div class=\"elementor-widget-wrap elementor-element-populated\">\n\t\t\t\t\t\t<div class=\"elementor-element elementor-element-99d48ce elementor-widget elementor-widget-image\" data-id=\"99d48ce\" data-element_type=\"widget\" data-e-type=\"widget\" data-widget_type=\"image.default\">\n\t\t\t\t<div class=\"elementor-widget-container\">\n\t\t\t\t\t\t\t\t\t\t\t\t\t\t\t<img loading=\"lazy\" decoding=\"async\" width=\"1620\" height=\"1080\" src=\"https:\/\/calendula.hu\/wp-content\/uploads\/2024\/12\/calendula-akupunktura-pihenes-1.webp\" class=\"attachment-full size-full wp-image-8052\" alt=\"Fiatal n\u0151 akupunkt\u00far\u00e1s kezel\u00e9s k\u00f6zben\" srcset=\"https:\/\/calendula.hu\/wp-content\/uploads\/2024\/12\/calendula-akupunktura-pihenes-1.webp 1620w, https:\/\/calendula.hu\/wp-content\/uploads\/2024\/12\/calendula-akupunktura-pihenes-1-300x200.webp 300w, https:\/\/calendula.hu\/wp-content\/uploads\/2024\/12\/calendula-akupunktura-pihenes-1-1024x683.webp 1024w, https:\/\/calendula.hu\/wp-content\/uploads\/2024\/12\/calendula-akupunktura-pihenes-1-768x512.webp 768w, https:\/\/calendula.hu\/wp-content\/uploads\/2024\/12\/calendula-akupunktura-pihenes-1-1536x1024.webp 1536w\" sizes=\"auto, (max-width: 1620px) 100vw, 1620px\" \/>\t\t\t\t\t\t\t\t\t\t\t\t\t\t\t<\/div>\n\t\t\t\t<\/div>\n\t\t\t\t\t<\/div>\n\t\t<\/div>\n\t\t\t\t\t<\/div>\n\t\t<\/section>\n\t\t\t\t<section class=\"elementor-section elementor-top-section elementor-element elementor-element-f9a471c elementor-section-boxed elementor-section-height-default elementor-section-height-default\" data-id=\"f9a471c\" data-element_type=\"section\" data-e-type=\"section\">\n\t\t\t\t\t\t<div class=\"elementor-container elementor-column-gap-default\">\n\t\t\t\t\t<div class=\"elementor-column elementor-col-100 elementor-top-column elementor-element elementor-element-a090de9\" data-id=\"a090de9\" data-element_type=\"column\" data-e-type=\"column\">\n\t\t\t<div class=\"elementor-widget-wrap elementor-element-populated\">\n\t\t\t\t\t\t<div class=\"elementor-element elementor-element-9c707be elementor-widget elementor-widget-text-editor\" data-id=\"9c707be\" data-element_type=\"widget\" data-e-type=\"widget\" data-widget_type=\"text-editor.default\">\n\t\t\t\t<div class=\"elementor-widget-container\">\n\t\t\t\t\t\t\t\t\t<h2>Hogyan v\u00e1lasszuk ki a megfelel\u0151 kezel\u00e9st?<\/h2><p>B\u00e1r egy\u00e9rtelm\u0171nek t\u0171nik, hogy milyen szempontok alapj\u00e1n v\u00e1lasszunk klinik\u00e1t az akupunkt\u00fara ig\u00e9nybev\u00e9tel\u00e9hez, sajnos gyakran el\u0151fordul, hogy ezek egyike (vagy rosszabb esetben mindegyike) hi\u00e1nyzik.<\/p><p>A kezel\u00e9s hat\u00e9konys\u00e1g\u00e1t kiz\u00e1r\u00f3lag h\u00e1rom t\u00e9nyez\u0151 egy\u00fcttes bek\u00f6vetkez\u00e9se tudja biztos\u00edtani. Tapasztalt szakemberre van sz\u00fcks\u00e9g, akinek pontos, naprak\u00e9sz ismeretei vannak az akupunkt\u00far\u00e1r\u00f3l, valamint megfelel\u0151 gyakorlati tapasztalattal rendelkezik. Az esetleges fert\u0151z\u00e9sek elker\u00fcl\u00e9se \u00e9rdek\u00e9ben kiemelten fontos a steril eszk\u00f6z\u00f6k haszn\u00e1lata, amelyet legink\u00e1bb int\u00e9zm\u00e9nyi, ellen\u0151rz\u00f6tt k\u00f6rnyezetben lehet biztos\u00edtani. A kezel\u00e9sek hat\u00e9konys\u00e1ga a szem\u00e9lyre szabott megk\u00f6zel\u00edt\u00e9sb\u0151l \u00e9s a test egys\u00e9gk\u00e9nt val\u00f3 szeml\u00e9let\u00e9b\u0151l fakad. Ehhez elengedhetetlen a p\u00e1ciens fizikai \u00e1llapot\u00e1nak \u00e9s betegs\u00e9geinek pontos ismerete.<\/p><p>A Calendula Klinik\u00e1n kiemelten fontosnak tartjuk, hogy a fenti elv\u00e1r\u00e1soknak maxim\u00e1lisan megfelelve szolg\u00e1ljuk ki a hozz\u00e1nk fordul\u00f3 p\u00e1cienseket. Tapasztalt szakembereink a hagyom\u00e1nyos keleti m\u00f3dszerek \u00e9s a modern orvosi megk\u00f6zel\u00edt\u00e9sek egy\u00fcttes haszn\u00e1lat\u00e1val teljes k\u00f6r\u0171, hat\u00e9kony kezel\u00e9st ny\u00fajtanak.<\/p><h2>Akupunkt\u00fara &#8211; hat\u00e9kony seg\u00edts\u00e9g mell\u00e9khat\u00e1sok n\u00e9lk\u00fcl<\/h2><p>Az akupunkt\u00fara egy olyan \u0151si, keleti m\u00f3dszer, amely a modern id\u0151kben is egyre n\u00e9pszer\u0171bb. Hat\u00e9kony a gyullad\u00e1scs\u00f6kkent\u00e9sben \u00e9s a f\u00e1jdalom m\u00e9rs\u00e9kl\u00e9s\u00e9ben. Ezek a legf\u0151bb indik\u00e1ci\u00f3k, ugyanakkor sz\u00e1mos m\u00e1s ter\u00fcleten is hat\u00e9kony seg\u00edts\u00e9get ny\u00fajthat. A modern ter\u00e1pi\u00e1s megk\u00f6zel\u00edt\u00e9sek hat\u00e9kony kieg\u00e9sz\u00edt\u0151je, ellenjavallat vagy mell\u00e9khat\u00e1sok n\u00e9lk\u00fcl. A m\u00f3dszer f\u00e1jdalommentes, a t\u0171sz\u00far\u00e1sok mind\u00f6ssze apr\u00f3 kellemetlens\u00e9get okoznak. A m\u00f3dszer sikeress\u00e9g\u00e9nek garanci\u00e1ja, hogy megfelel\u0151 int\u00e9zm\u00e9nyben, ellen\u0151rz\u00f6tt k\u00f6r\u00fclm\u00e9nyek k\u00f6z\u00f6tt, tapasztalt szakemberek v\u00e9gezz\u00e9k a beavatkoz\u00e1sokat.<\/p>\t\t\t\t\t\t\t\t<\/div>\n\t\t\t\t<\/div>\n\t\t\t\t\t<\/div>\n\t\t<\/div>\n\t\t\t\t\t<\/div>\n\t\t<\/section>\n\t\t\t\t<section class=\"elementor-section elementor-top-section elementor-element elementor-element-a74c83d elementor-section-boxed elementor-section-height-default elementor-section-height-default\" data-id=\"a74c83d\" data-element_type=\"section\" data-e-type=\"section\">\n\t\t\t\t\t\t<div class=\"elementor-container elementor-column-gap-no\">\n\t\t\t\t\t<div class=\"elementor-column elementor-col-100 elementor-top-column elementor-element elementor-element-7f1f0a3\" data-id=\"7f1f0a3\" data-element_type=\"column\" data-e-type=\"column\">\n\t\t\t<div class=\"elementor-widget-wrap elementor-element-populated\">\n\t\t\t\t\t\t<div class=\"elementor-element elementor-element-53c87fe elementor-widget elementor-widget-button\" data-id=\"53c87fe\" data-element_type=\"widget\" data-e-type=\"widget\" data-widget_type=\"button.default\">\n\t\t\t\t<div class=\"elementor-widget-container\">\n\t\t\t\t\t\t\t\t\t<div class=\"elementor-button-wrapper\">\n\t\t\t\t\t<a class=\"elementor-button elementor-button-link elementor-size-sm\" href=\"http:\/\/L\u00e1togasson%20el%20hozz\u00e1nk%20\u00e9s%20vegyen%20r\u00e9szt%20akupunkt\u00far\u00e1s%20kezel\u00e9seinken!\">\n\t\t\t\t\t\t<span class=\"elementor-button-content-wrapper\">\n\t\t\t\t\t\t\t\t\t<span class=\"elementor-button-text\">Kapcsolat<\/span>\n\t\t\t\t\t<\/span>\n\t\t\t\t\t<\/a>\n\t\t\t\t<\/div>\n\t\t\t\t\t\t\t\t<\/div>\n\t\t\t\t<\/div>\n\t\t\t\t\t<\/div>\n\t\t<\/div>\n\t\t\t\t\t<\/div>\n\t\t<\/section>\n\t\t\t\t<\/div>\n\t\t","protected":false},"excerpt":{"rendered":"<p>Az akupunkt\u00fara t\u00f6bb ezer \u00e9ves m\u00faltra visszatekint\u0151, hagyom\u00e1nyos k\u00ednai gy\u00f3gym\u00f3d. Alapelvei szerint a testben \u00e1raml\u00f3 \u00e9letenergia, a qi (ejtsd: csi), egyens\u00faly\u00e1nak megteremt\u00e9se. Megk\u00f6zel\u00edt\u00e9s\u00fck szerint ez az \u00e9letenergia a szervezet\u00fcnkben meghat\u00e1rozott csatorn\u00e1kon (\u00fan. meridi\u00e1nokon) kereszt\u00fcl kering. Ha valami ezt az \u00e1raml\u00e1st akad\u00e1lyozza, az betegs\u00e9geket, f\u00e1jdalmat \u00e9s rossz k\u00f6z\u00e9rzetet okoz. Az akupunkt\u00fara megl\u00e1t\u00e1sa szerint a qi kiegyens\u00falyoz\u00e1sa [&hellip;]<\/p>\n","protected":false},"author":9,"featured_media":8050,"comment_status":"closed","ping_status":"open","sticky":false,"template":"","format":"standard","meta":{"footnotes":""},"categories":[44],"tags":[],"class_list":["post-8037","post","type-post","status-publish","format-standard","has-post-thumbnail","hentry","category-cikkek-publikaciok"],"yoast_head":"<!-- This site is optimized with the Yoast SEO Premium plugin v19.5 (Yoast SEO v27.4) - https:\/\/yoast.com\/product\/yoast-seo-premium-wordpress\/ -->\n<title>Hogyan seg\u00edt az akupunkt\u00fara? - Calendula Klinika - Si\u00f3fok<\/title>\n<meta name=\"description\" content=\"Milyen esetekben alkalmazhat\u00f3 hat\u00e9konyan az akupunkt\u00fara? Kieg\u00e9sz\u00edt\u0151 kezel\u00e9sk\u00e9nt is haszn\u00e1lhatjuk modern ter\u00e1pia mellett?\" \/>\n<meta name=\"robots\" content=\"index, follow, max-snippet:-1, max-image-preview:large, max-video-preview:-1\" \/>\n<link rel=\"canonical\" href=\"https:\/\/calendula.hu\/hu\/hogyan-segit-az-akupunktura\/\" \/>\n<meta property=\"og:locale\" content=\"hu_HU\" \/>\n<meta property=\"og:type\" content=\"article\" \/>\n<meta property=\"og:title\" content=\"Hogyan seg\u00edt az akupunkt\u00fara?\" \/>\n<meta property=\"og:description\" content=\"Milyen esetekben alkalmazhat\u00f3 hat\u00e9konyan az akupunkt\u00fara? Kieg\u00e9sz\u00edt\u0151 kezel\u00e9sk\u00e9nt is haszn\u00e1lhatjuk modern ter\u00e1pia mellett?\" \/>\n<meta property=\"og:url\" content=\"https:\/\/calendula.hu\/hu\/hogyan-segit-az-akupunktura\/\" \/>\n<meta property=\"og:site_name\" content=\"Calendula Klinika - Si\u00f3fok\" \/>\n<meta property=\"article:published_time\" content=\"2024-12-12T23:04:59+00:00\" \/>\n<meta property=\"og:image\" content=\"https:\/\/calendula.hu\/wp-content\/uploads\/2024\/12\/calendula-akupunktura-fajdalomcsillapitas.webp\" \/>\n\t<meta property=\"og:image:width\" content=\"1620\" \/>\n\t<meta property=\"og:image:height\" content=\"1080\" \/>\n\t<meta property=\"og:image:type\" content=\"image\/webp\" \/>\n<meta name=\"author\" content=\"Calendula\" \/>\n<meta name=\"twitter:card\" content=\"summary_large_image\" \/>\n<meta name=\"twitter:label1\" content=\"Szerz\u0151:\" \/>\n\t<meta name=\"twitter:data1\" content=\"Calendula\" \/>\n\t<meta name=\"twitter:label2\" content=\"Becs\u00fclt olvas\u00e1si id\u0151\" \/>\n\t<meta name=\"twitter:data2\" content=\"7 perc\" \/>\n<script type=\"application\/ld+json\" class=\"yoast-schema-graph\">{\"@context\":\"https:\\\/\\\/schema.org\",\"@graph\":[{\"@type\":\"Article\",\"@id\":\"https:\\\/\\\/calendula.hu\\\/hogyan-segit-az-akupunktura\\\/#article\",\"isPartOf\":{\"@id\":\"https:\\\/\\\/calendula.hu\\\/hogyan-segit-az-akupunktura\\\/\"},\"author\":{\"name\":\"Calendula\",\"@id\":\"https:\\\/\\\/calendula.hu\\\/#\\\/schema\\\/person\\\/998d88d990182b1b0a239208cce19f7f\"},\"headline\":\"Hogyan seg\u00edt az akupunkt\u00fara?\",\"datePublished\":\"2024-12-12T23:04:59+00:00\",\"mainEntityOfPage\":{\"@id\":\"https:\\\/\\\/calendula.hu\\\/hogyan-segit-az-akupunktura\\\/\"},\"wordCount\":1797,\"image\":{\"@id\":\"https:\\\/\\\/calendula.hu\\\/hogyan-segit-az-akupunktura\\\/#primaryimage\"},\"thumbnailUrl\":\"https:\\\/\\\/calendula.hu\\\/wp-content\\\/uploads\\\/2024\\\/12\\\/calendula-akupunktura-fajdalomcsillapitas.webp\",\"articleSection\":[\"cikkek, publik\u00e1ci\u00f3k\"],\"inLanguage\":\"hu\"},{\"@type\":\"WebPage\",\"@id\":\"https:\\\/\\\/calendula.hu\\\/hogyan-segit-az-akupunktura\\\/\",\"url\":\"https:\\\/\\\/calendula.hu\\\/hogyan-segit-az-akupunktura\\\/\",\"name\":\"Hogyan seg\u00edt az akupunkt\u00fara? - Calendula Klinika - Si\u00f3fok\",\"isPartOf\":{\"@id\":\"https:\\\/\\\/calendula.hu\\\/#website\"},\"primaryImageOfPage\":{\"@id\":\"https:\\\/\\\/calendula.hu\\\/hogyan-segit-az-akupunktura\\\/#primaryimage\"},\"image\":{\"@id\":\"https:\\\/\\\/calendula.hu\\\/hogyan-segit-az-akupunktura\\\/#primaryimage\"},\"thumbnailUrl\":\"https:\\\/\\\/calendula.hu\\\/wp-content\\\/uploads\\\/2024\\\/12\\\/calendula-akupunktura-fajdalomcsillapitas.webp\",\"datePublished\":\"2024-12-12T23:04:59+00:00\",\"author\":{\"@id\":\"https:\\\/\\\/calendula.hu\\\/#\\\/schema\\\/person\\\/998d88d990182b1b0a239208cce19f7f\"},\"description\":\"Milyen esetekben alkalmazhat\u00f3 hat\u00e9konyan az akupunkt\u00fara? Kieg\u00e9sz\u00edt\u0151 kezel\u00e9sk\u00e9nt is haszn\u00e1lhatjuk modern ter\u00e1pia mellett?\",\"breadcrumb\":{\"@id\":\"https:\\\/\\\/calendula.hu\\\/hogyan-segit-az-akupunktura\\\/#breadcrumb\"},\"inLanguage\":\"hu\",\"potentialAction\":[{\"@type\":\"ReadAction\",\"target\":[\"https:\\\/\\\/calendula.hu\\\/hogyan-segit-az-akupunktura\\\/\"]}]},{\"@type\":\"ImageObject\",\"inLanguage\":\"hu\",\"@id\":\"https:\\\/\\\/calendula.hu\\\/hogyan-segit-az-akupunktura\\\/#primaryimage\",\"url\":\"https:\\\/\\\/calendula.hu\\\/wp-content\\\/uploads\\\/2024\\\/12\\\/calendula-akupunktura-fajdalomcsillapitas.webp\",\"contentUrl\":\"https:\\\/\\\/calendula.hu\\\/wp-content\\\/uploads\\\/2024\\\/12\\\/calendula-akupunktura-fajdalomcsillapitas.webp\",\"width\":1620,\"height\":1080,\"caption\":\"A c\u00e9lzottan alkalmazott akupunkt\u00far\u00e1s kezel\u00e9s az \u00edz\u00fcleti f\u00e1jdalmakat is hat\u00e9konyan cs\u00f6kkenti\"},{\"@type\":\"BreadcrumbList\",\"@id\":\"https:\\\/\\\/calendula.hu\\\/hogyan-segit-az-akupunktura\\\/#breadcrumb\",\"itemListElement\":[{\"@type\":\"ListItem\",\"position\":1,\"name\":\"Home\",\"item\":\"https:\\\/\\\/calendula.hu\\\/\"},{\"@type\":\"ListItem\",\"position\":2,\"name\":\"Hogyan seg\u00edt az akupunkt\u00fara?\"}]},{\"@type\":\"WebSite\",\"@id\":\"https:\\\/\\\/calendula.hu\\\/#website\",\"url\":\"https:\\\/\\\/calendula.hu\\\/\",\"name\":\"Calendula Klinika - Si\u00f3fok\",\"description\":\"\",\"potentialAction\":[{\"@type\":\"SearchAction\",\"target\":{\"@type\":\"EntryPoint\",\"urlTemplate\":\"https:\\\/\\\/calendula.hu\\\/?s={search_term_string}\"},\"query-input\":{\"@type\":\"PropertyValueSpecification\",\"valueRequired\":true,\"valueName\":\"search_term_string\"}}],\"inLanguage\":\"hu\"},{\"@type\":\"Person\",\"@id\":\"https:\\\/\\\/calendula.hu\\\/#\\\/schema\\\/person\\\/998d88d990182b1b0a239208cce19f7f\",\"name\":\"Calendula\",\"image\":{\"@type\":\"ImageObject\",\"inLanguage\":\"hu\",\"@id\":\"https:\\\/\\\/secure.gravatar.com\\\/avatar\\\/249690c24b1161d99c031505025f1c47094231ba25ba1e283905794866d6bb22?s=96&d=mm&r=g\",\"url\":\"https:\\\/\\\/secure.gravatar.com\\\/avatar\\\/249690c24b1161d99c031505025f1c47094231ba25ba1e283905794866d6bb22?s=96&d=mm&r=g\",\"contentUrl\":\"https:\\\/\\\/secure.gravatar.com\\\/avatar\\\/249690c24b1161d99c031505025f1c47094231ba25ba1e283905794866d6bb22?s=96&d=mm&r=g\",\"caption\":\"Calendula\"},\"url\":\"https:\\\/\\\/calendula.hu\\\/hu\\\/author\\\/calendula\\\/\"}]}<\/script>\n<!-- \/ Yoast SEO Premium plugin. -->","yoast_head_json":{"title":"Hogyan seg\u00edt az akupunkt\u00fara? - Calendula Klinika - Si\u00f3fok","description":"Milyen esetekben alkalmazhat\u00f3 hat\u00e9konyan az akupunkt\u00fara? Kieg\u00e9sz\u00edt\u0151 kezel\u00e9sk\u00e9nt is haszn\u00e1lhatjuk modern ter\u00e1pia mellett?","robots":{"index":"index","follow":"follow","max-snippet":"max-snippet:-1","max-image-preview":"max-image-preview:large","max-video-preview":"max-video-preview:-1"},"canonical":"https:\/\/calendula.hu\/hu\/hogyan-segit-az-akupunktura\/","og_locale":"hu_HU","og_type":"article","og_title":"Hogyan seg\u00edt az akupunkt\u00fara?","og_description":"Milyen esetekben alkalmazhat\u00f3 hat\u00e9konyan az akupunkt\u00fara? Kieg\u00e9sz\u00edt\u0151 kezel\u00e9sk\u00e9nt is haszn\u00e1lhatjuk modern ter\u00e1pia mellett?","og_url":"https:\/\/calendula.hu\/hu\/hogyan-segit-az-akupunktura\/","og_site_name":"Calendula Klinika - Si\u00f3fok","article_published_time":"2024-12-12T23:04:59+00:00","og_image":[{"width":1620,"height":1080,"url":"https:\/\/calendula.hu\/wp-content\/uploads\/2024\/12\/calendula-akupunktura-fajdalomcsillapitas.webp","type":"image\/webp"}],"author":"Calendula","twitter_card":"summary_large_image","twitter_misc":{"Szerz\u0151:":"Calendula","Becs\u00fclt olvas\u00e1si id\u0151":"7 perc"},"schema":{"@context":"https:\/\/schema.org","@graph":[{"@type":"Article","@id":"https:\/\/calendula.hu\/hogyan-segit-az-akupunktura\/#article","isPartOf":{"@id":"https:\/\/calendula.hu\/hogyan-segit-az-akupunktura\/"},"author":{"name":"Calendula","@id":"https:\/\/calendula.hu\/#\/schema\/person\/998d88d990182b1b0a239208cce19f7f"},"headline":"Hogyan seg\u00edt az akupunkt\u00fara?","datePublished":"2024-12-12T23:04:59+00:00","mainEntityOfPage":{"@id":"https:\/\/calendula.hu\/hogyan-segit-az-akupunktura\/"},"wordCount":1797,"image":{"@id":"https:\/\/calendula.hu\/hogyan-segit-az-akupunktura\/#primaryimage"},"thumbnailUrl":"https:\/\/calendula.hu\/wp-content\/uploads\/2024\/12\/calendula-akupunktura-fajdalomcsillapitas.webp","articleSection":["cikkek, publik\u00e1ci\u00f3k"],"inLanguage":"hu"},{"@type":"WebPage","@id":"https:\/\/calendula.hu\/hogyan-segit-az-akupunktura\/","url":"https:\/\/calendula.hu\/hogyan-segit-az-akupunktura\/","name":"Hogyan seg\u00edt az akupunkt\u00fara? - Calendula Klinika - Si\u00f3fok","isPartOf":{"@id":"https:\/\/calendula.hu\/#website"},"primaryImageOfPage":{"@id":"https:\/\/calendula.hu\/hogyan-segit-az-akupunktura\/#primaryimage"},"image":{"@id":"https:\/\/calendula.hu\/hogyan-segit-az-akupunktura\/#primaryimage"},"thumbnailUrl":"https:\/\/calendula.hu\/wp-content\/uploads\/2024\/12\/calendula-akupunktura-fajdalomcsillapitas.webp","datePublished":"2024-12-12T23:04:59+00:00","author":{"@id":"https:\/\/calendula.hu\/#\/schema\/person\/998d88d990182b1b0a239208cce19f7f"},"description":"Milyen esetekben alkalmazhat\u00f3 hat\u00e9konyan az akupunkt\u00fara? Kieg\u00e9sz\u00edt\u0151 kezel\u00e9sk\u00e9nt is haszn\u00e1lhatjuk modern ter\u00e1pia mellett?","breadcrumb":{"@id":"https:\/\/calendula.hu\/hogyan-segit-az-akupunktura\/#breadcrumb"},"inLanguage":"hu","potentialAction":[{"@type":"ReadAction","target":["https:\/\/calendula.hu\/hogyan-segit-az-akupunktura\/"]}]},{"@type":"ImageObject","inLanguage":"hu","@id":"https:\/\/calendula.hu\/hogyan-segit-az-akupunktura\/#primaryimage","url":"https:\/\/calendula.hu\/wp-content\/uploads\/2024\/12\/calendula-akupunktura-fajdalomcsillapitas.webp","contentUrl":"https:\/\/calendula.hu\/wp-content\/uploads\/2024\/12\/calendula-akupunktura-fajdalomcsillapitas.webp","width":1620,"height":1080,"caption":"A c\u00e9lzottan alkalmazott akupunkt\u00far\u00e1s kezel\u00e9s az \u00edz\u00fcleti f\u00e1jdalmakat is hat\u00e9konyan cs\u00f6kkenti"},{"@type":"BreadcrumbList","@id":"https:\/\/calendula.hu\/hogyan-segit-az-akupunktura\/#breadcrumb","itemListElement":[{"@type":"ListItem","position":1,"name":"Home","item":"https:\/\/calendula.hu\/"},{"@type":"ListItem","position":2,"name":"Hogyan seg\u00edt az akupunkt\u00fara?"}]},{"@type":"WebSite","@id":"https:\/\/calendula.hu\/#website","url":"https:\/\/calendula.hu\/","name":"Calendula Klinika - Si\u00f3fok","description":"","potentialAction":[{"@type":"SearchAction","target":{"@type":"EntryPoint","urlTemplate":"https:\/\/calendula.hu\/?s={search_term_string}"},"query-input":{"@type":"PropertyValueSpecification","valueRequired":true,"valueName":"search_term_string"}}],"inLanguage":"hu"},{"@type":"Person","@id":"https:\/\/calendula.hu\/#\/schema\/person\/998d88d990182b1b0a239208cce19f7f","name":"Calendula","image":{"@type":"ImageObject","inLanguage":"hu","@id":"https:\/\/secure.gravatar.com\/avatar\/249690c24b1161d99c031505025f1c47094231ba25ba1e283905794866d6bb22?s=96&d=mm&r=g","url":"https:\/\/secure.gravatar.com\/avatar\/249690c24b1161d99c031505025f1c47094231ba25ba1e283905794866d6bb22?s=96&d=mm&r=g","contentUrl":"https:\/\/secure.gravatar.com\/avatar\/249690c24b1161d99c031505025f1c47094231ba25ba1e283905794866d6bb22?s=96&d=mm&r=g","caption":"Calendula"},"url":"https:\/\/calendula.hu\/hu\/author\/calendula\/"}]}},"_links":{"self":[{"href":"https:\/\/calendula.hu\/hu\/wp-json\/wp\/v2\/posts\/8037","targetHints":{"allow":["GET"]}}],"collection":[{"href":"https:\/\/calendula.hu\/hu\/wp-json\/wp\/v2\/posts"}],"about":[{"href":"https:\/\/calendula.hu\/hu\/wp-json\/wp\/v2\/types\/post"}],"author":[{"embeddable":true,"href":"https:\/\/calendula.hu\/hu\/wp-json\/wp\/v2\/users\/9"}],"replies":[{"embeddable":true,"href":"https:\/\/calendula.hu\/hu\/wp-json\/wp\/v2\/comments?post=8037"}],"version-history":[{"count":14,"href":"https:\/\/calendula.hu\/hu\/wp-json\/wp\/v2\/posts\/8037\/revisions"}],"predecessor-version":[{"id":8059,"href":"https:\/\/calendula.hu\/hu\/wp-json\/wp\/v2\/posts\/8037\/revisions\/8059"}],"wp:featuredmedia":[{"embeddable":true,"href":"https:\/\/calendula.hu\/hu\/wp-json\/wp\/v2\/media\/8050"}],"wp:attachment":[{"href":"https:\/\/calendula.hu\/hu\/wp-json\/wp\/v2\/media?parent=8037"}],"wp:term":[{"taxonomy":"category","embeddable":true,"href":"https:\/\/calendula.hu\/hu\/wp-json\/wp\/v2\/categories?post=8037"},{"taxonomy":"post_tag","embeddable":true,"href":"https:\/\/calendula.hu\/hu\/wp-json\/wp\/v2\/tags?post=8037"}],"curies":[{"name":"wp","href":"https:\/\/api.w.org\/{rel}","templated":true}]}}