{"id":8409,"date":"2025-01-27T16:31:14","date_gmt":"2025-01-27T15:31:14","guid":{"rendered":"https:\/\/calendula.hu\/?p=8409"},"modified":"2025-01-27T16:32:50","modified_gmt":"2025-01-27T15:32:50","slug":"rassayana-vajikarana-ajurveda","status":"publish","type":"post","link":"https:\/\/calendula.hu\/hu\/rassayana-vajikarana-ajurveda\/","title":{"rendered":"Rassayana vajikarana az ajurv\u00e9d\u00e1ban"},"content":{"rendered":"\t\t<div data-elementor-type=\"wp-post\" data-elementor-id=\"8409\" class=\"elementor elementor-8409\" data-elementor-post-type=\"post\">\n\t\t\t\t\t\t<section class=\"elementor-section elementor-top-section elementor-element elementor-element-4f5d52f elementor-section-boxed elementor-section-height-default elementor-section-height-default\" data-id=\"4f5d52f\" data-element_type=\"section\" data-e-type=\"section\">\n\t\t\t\t\t\t<div class=\"elementor-container elementor-column-gap-default\">\n\t\t\t\t\t<div class=\"elementor-column elementor-col-100 elementor-top-column elementor-element elementor-element-c373525\" data-id=\"c373525\" data-element_type=\"column\" data-e-type=\"column\">\n\t\t\t<div class=\"elementor-widget-wrap elementor-element-populated\">\n\t\t\t\t\t\t<div class=\"elementor-element elementor-element-1d3ef77 elementor-widget elementor-widget-text-editor\" data-id=\"1d3ef77\" data-element_type=\"widget\" data-e-type=\"widget\" data-widget_type=\"text-editor.default\">\n\t\t\t\t<div class=\"elementor-widget-container\">\n\t\t\t\t\t\t\t\t\t<p>A Rassayana \u00e9s Vajikarana az ayurv\u00e9dikus gy\u00f3gy\u00edt\u00e1s kezel\u00e9si m\u00f3djai, amik a vitalit\u00e1s \u00e9s term\u00e9kenys\u00e9g helyre\u00e1ll\u00edt\u00e1s\u00e1ban j\u00e1tszanak kiemelked\u0151 szerepet. A Rassayana a test, b\u0151r, sz\u00f6vetek \u00e9s sejtek fiatal\u00edt\u00e1s\u00e1ra, m\u00edg a Vajikarana a reprodukt\u00edv eg\u00e9szs\u00e9gre \u00e9s term\u00e9kenys\u00e9gre \u00f6sszpontos\u00edt. A k\u00e9t kezel\u00e9si m\u00f3dszer egy\u00fcttes eredm\u00e9nye a testi-lelki fiatalod\u00e1s.<\/p><p>A modern orvosl\u00e1sban az orvosok \u00e1ltal\u00e1ban a test egy-egy ter\u00fclet\u00e9re specializ\u00e1l\u00f3dnak, \u00edgy gyakran nem tudj\u00e1k a szervezetet eg\u00e9sz\u00e9ben szeml\u00e9lni. Az ayurv\u00e9da ezzel szemben az egy\u00e9nt egys\u00e9ges eg\u00e9szk\u00e9nt \u2013 testk\u00e9nt \u00e9s l\u00e9lekk\u00e9nt \u2013 kezeli, \u00edgy olyan probl\u00e9m\u00e1k megold\u00e1s\u00e1ra is k\u00e9pes, amelyekre a modern nyugati orvosl\u00e1s nem ny\u00fajt megfelel\u0151 v\u00e1laszt.<\/p>\t\t\t\t\t\t\t\t<\/div>\n\t\t\t\t<\/div>\n\t\t\t\t<div class=\"elementor-element elementor-element-1f946b8 elementor-widget elementor-widget-image\" data-id=\"1f946b8\" data-element_type=\"widget\" data-e-type=\"widget\" data-widget_type=\"image.default\">\n\t\t\t\t<div class=\"elementor-widget-container\">\n\t\t\t\t\t\t\t\t\t\t\t\t\t\t\t<img loading=\"lazy\" decoding=\"async\" width=\"900\" height=\"506\" src=\"https:\/\/calendula.hu\/wp-content\/uploads\/2025\/01\/calendula-beauty-fiatalito-program-2-1024x576.webp\" class=\"attachment-large size-large wp-image-8185\" alt=\"\" srcset=\"https:\/\/calendula.hu\/wp-content\/uploads\/2025\/01\/calendula-beauty-fiatalito-program-2-1024x576.webp 1024w, https:\/\/calendula.hu\/wp-content\/uploads\/2025\/01\/calendula-beauty-fiatalito-program-2-300x169.webp 300w, https:\/\/calendula.hu\/wp-content\/uploads\/2025\/01\/calendula-beauty-fiatalito-program-2-768x432.webp 768w, https:\/\/calendula.hu\/wp-content\/uploads\/2025\/01\/calendula-beauty-fiatalito-program-2-1536x864.webp 1536w, https:\/\/calendula.hu\/wp-content\/uploads\/2025\/01\/calendula-beauty-fiatalito-program-2.webp 1920w\" sizes=\"auto, (max-width: 900px) 100vw, 900px\" \/>\t\t\t\t\t\t\t\t\t\t\t\t\t\t\t<\/div>\n\t\t\t\t<\/div>\n\t\t\t\t<div class=\"elementor-element elementor-element-36ab9a6 elementor-widget elementor-widget-text-editor\" data-id=\"36ab9a6\" data-element_type=\"widget\" data-e-type=\"widget\" data-widget_type=\"text-editor.default\">\n\t\t\t\t<div class=\"elementor-widget-container\">\n\t\t\t\t\t\t\t\t\t<h2>Miben seg\u00edtenek a Rassayana \u00e9s Vajikarana kezel\u00e9sek?<\/h2><p><span class=\"BxUVEf ILfuVd\" lang=\"en\"><span class=\"hgKElc\"><b>\u2714<\/b>\u00a0 <\/span><\/span>hormon\u00e1lis egyens\u00faly vissza\u00e1ll\u00edt\u00e1s\u00e1ban;<br \/><span class=\"BxUVEf ILfuVd\" lang=\"en\"><span class=\"hgKElc\"><b>\u2714<\/b>\u00a0 <\/span><\/span>term\u00e9kenys\u00e9g helyre\u00e1ll\u00edt\u00e1s\u00e1ban, t\u00e1mogat\u00e1s\u00e1ban;<br \/><span class=\"BxUVEf ILfuVd\" lang=\"en\"><span class=\"hgKElc\"><b>\u2714<\/b>\u00a0 <\/span><\/span>\u00f6reged\u00e9si folyamat le\u00e1ll\u00edt\u00e1s\u00e1ban \u00e9s visszaford\u00edt\u00e1s\u00e1ban;<br \/><span class=\"BxUVEf ILfuVd\" lang=\"en\"><span class=\"hgKElc\"><b>\u2714<\/b>\u00a0 <\/span><\/span>sz\u00f6vetek sejtszint\u0171 regener\u00e1l\u00f3d\u00e1s\u00e1ban;<br \/><span class=\"BxUVEf ILfuVd\" lang=\"en\"><span class=\"hgKElc\"><b>\u2714<\/b>\u00a0 <\/span><\/span>test \u00f6ngy\u00f3gy\u00edt\u00f3 k\u00e9pess\u00e9g\u00e9nek fokoz\u00e1s\u00e1ban;<br \/><span class=\"BxUVEf ILfuVd\" lang=\"en\"><span class=\"hgKElc\"><b>\u2714<\/b>\u00a0 <\/span><\/span>stresszel \u00e9s betegs\u00e9gekkel szembeni ellen\u00e1ll\u00f3k\u00e9pess\u00e9g n\u00f6vel\u00e9s\u00e9ben;<br \/><span class=\"BxUVEf ILfuVd\" lang=\"en\"><span class=\"hgKElc\"><b>\u2714<\/b>\u00a0 <\/span><\/span>ment\u00e1lis eg\u00e9szs\u00e9g helyre\u00e1ll\u00edt\u00e1s\u00e1ban.<\/p>\t\t\t\t\t\t\t\t<\/div>\n\t\t\t\t<\/div>\n\t\t\t\t<div class=\"elementor-element elementor-element-3b85ab6 elementor-align-center elementor-widget elementor-widget-button\" data-id=\"3b85ab6\" data-element_type=\"widget\" data-e-type=\"widget\" data-widget_type=\"button.default\">\n\t\t\t\t<div class=\"elementor-widget-container\">\n\t\t\t\t\t\t\t\t\t<div class=\"elementor-button-wrapper\">\n\t\t\t\t\t<a class=\"elementor-button elementor-button-link elementor-size-sm\" href=\"\/kapcsolat\">\n\t\t\t\t\t\t<span class=\"elementor-button-content-wrapper\">\n\t\t\t\t\t\t\t\t\t<span class=\"elementor-button-text\">Foglalok id\u0151pontot<\/span>\n\t\t\t\t\t<\/span>\n\t\t\t\t\t<\/a>\n\t\t\t\t<\/div>\n\t\t\t\t\t\t\t\t<\/div>\n\t\t\t\t<\/div>\n\t\t\t\t<div class=\"elementor-element elementor-element-44c74e0 elementor-widget elementor-widget-text-editor\" data-id=\"44c74e0\" data-element_type=\"widget\" data-e-type=\"widget\" data-widget_type=\"text-editor.default\">\n\t\t\t\t<div class=\"elementor-widget-container\">\n\t\t\t\t\t\t\t\t\t<h2>Mi a Rassayana \u00e9s Vajikarana kezel\u00e9s c\u00e9lja?<\/h2><p>A ter\u00e1pia c\u00e9lja nemcsak a szervezet finomtiszt\u00edt\u00e1sa \u00e9s sejtszint\u0171 megfiatal\u00edt\u00e1sa, hanem a test \u00e9s az elme teljes k\u00f6r\u0171 harmoniz\u00e1l\u00e1sa is. Az ayurv\u00e9dikus hagyom\u00e1nyok szerint a Rassayana \u00e9s Vajikarana ter\u00e1pi\u00e1k az \u00e9let meghosszabb\u00edt\u00e1s\u00e1ra, az eg\u00e9szs\u00e9g optimaliz\u00e1l\u00e1s\u00e1ra \u00e9s a vitalit\u00e1s helyre\u00e1ll\u00edt\u00e1s\u00e1ra szolg\u00e1lnak.<\/p><p>A folyamat sor\u00e1n a testet m\u00e9lyen t\u00e1pl\u00e1l\u00f3 gy\u00f3gyn\u00f6v\u00e9nyek \u00e9s speci\u00e1lis k\u00e9sz\u00edtm\u00e9nyek seg\u00edtenek az \u00f6reged\u00e9si folyamatok lass\u00edt\u00e1s\u00e1ban, valamint a szervezet bels\u0151 egyens\u00faly\u00e1nak megteremt\u00e9s\u00e9ben. A ter\u00e1pia k\u00fcl\u00f6n\u00f6s figyelmet ford\u00edt a l\u00e9tfontoss\u00e1g\u00fa energi\u00e1k fokoz\u00e1s\u00e1ra, ami az ayurv\u00e9d\u00e1ban az immunit\u00e1s \u00e9s a hossz\u00fa \u00e9let kulcsa. A fizikai meg\u00fajul\u00e1s mellett a ter\u00e1pia el\u0151seg\u00edti a szellemi egyens\u00faly helyre\u00e1ll\u00edt\u00e1s\u00e1t is, cs\u00f6kkentve a stresszt \u00e9s n\u00f6velve a bels\u0151 nyugalmat. Ez\u00e1ltal a Rassayana \u00e9s Vajikarana kezel\u00e9sek a testi \u00e9s lelki felt\u00f6lt\u0151d\u00e9s holisztikus eszk\u00f6zei, amelyek nemcsak a jelenlegi eg\u00e9szs\u00e9g meg\u0151rz\u00e9s\u00e9ben, hanem az \u00e9letmin\u0151s\u00e9g hossz\u00fa t\u00e1v\u00fa jav\u00edt\u00e1s\u00e1ban is kiemelked\u0151 szerepet j\u00e1tszanak.<\/p>\t\t\t\t\t\t\t\t<\/div>\n\t\t\t\t<\/div>\n\t\t\t\t<div class=\"elementor-element elementor-element-0681cdb elementor-widget elementor-widget-image\" data-id=\"0681cdb\" data-element_type=\"widget\" data-e-type=\"widget\" data-widget_type=\"image.default\">\n\t\t\t\t<div class=\"elementor-widget-container\">\n\t\t\t\t\t\t\t\t\t\t\t\t\t\t\t<img loading=\"lazy\" decoding=\"async\" width=\"499\" height=\"650\" src=\"https:\/\/calendula.hu\/wp-content\/uploads\/2025\/01\/calendula-ayurvedikus-kezeles.webp\" class=\"attachment-large size-large wp-image-8072\" alt=\"\" srcset=\"https:\/\/calendula.hu\/wp-content\/uploads\/2025\/01\/calendula-ayurvedikus-kezeles.webp 499w, https:\/\/calendula.hu\/wp-content\/uploads\/2025\/01\/calendula-ayurvedikus-kezeles-230x300.webp 230w\" sizes=\"auto, (max-width: 499px) 100vw, 499px\" \/>\t\t\t\t\t\t\t\t\t\t\t\t\t\t\t<\/div>\n\t\t\t\t<\/div>\n\t\t\t\t<div class=\"elementor-element elementor-element-c37d5d7 elementor-widget elementor-widget-text-editor\" data-id=\"c37d5d7\" data-element_type=\"widget\" data-e-type=\"widget\" data-widget_type=\"text-editor.default\">\n\t\t\t\t<div class=\"elementor-widget-container\">\n\t\t\t\t\t\t\t\t\t<h2>Rassayana \u00e9s Vajikarana kezel\u00e9s l\u00e9p\u00e9sei<\/h2>\t\t\t\t\t\t\t\t<\/div>\n\t\t\t\t<\/div>\n\t\t\t\t<div class=\"elementor-element elementor-element-9b2d759 elementor-align-start elementor-icon-list--layout-traditional elementor-list-item-link-full_width elementor-widget elementor-widget-icon-list\" data-id=\"9b2d759\" data-element_type=\"widget\" data-e-type=\"widget\" data-widget_type=\"icon-list.default\">\n\t\t\t\t<div class=\"elementor-widget-container\">\n\t\t\t\t\t\t\t<ul class=\"elementor-icon-list-items\">\n\t\t\t\t\t\t\t<li class=\"elementor-icon-list-item\">\n\t\t\t\t\t\t\t\t\t\t\t<span class=\"elementor-icon-list-icon\">\n\t\t\t\t\t\t\t<i aria-hidden=\"true\" class=\"fas fa-check\"><\/i>\t\t\t\t\t\t<\/span>\n\t\t\t\t\t\t\t\t\t\t<span class=\"elementor-icon-list-text\"><b> Orvosi kontroll napi 1x. <\/b> <span style=\"color:white\">Hogy a kezel\u00e9s szem\u00e9lyre szabott \u00e9s hat\u00e1sos legyen.<\/span><\/span>\n\t\t\t\t\t\t\t\t\t<\/li>\n\t\t\t\t\t\t\t\t<li class=\"elementor-icon-list-item\">\n\t\t\t\t\t\t\t\t\t\t\t<span class=\"elementor-icon-list-icon\">\n\t\t\t\t\t\t\t<i aria-hidden=\"true\" class=\"fas fa-check\"><\/i>\t\t\t\t\t\t<\/span>\n\t\t\t\t\t\t\t\t\t\t<span class=\"elementor-icon-list-text\"><b> 90p + 60p ayurv\u00e9dikus ter\u00e1pia. <\/b> <span style=\"color:white\"> Ami lehet: abhyanga massz\u00e1zs, udvartana, Patra Potli, R\u00edzs Potli, Aghni Potli, marma massz\u00e1zs, svedana, shirodhara ter\u00e1pia - olajjal, tejjel, pakol\u00e1sok, torok- \u00e9s pajzsmirigy ter\u00e1pia. <\/span><\/span>\n\t\t\t\t\t\t\t\t\t<\/li>\n\t\t\t\t\t\t\t\t<li class=\"elementor-icon-list-item\">\n\t\t\t\t\t\t\t\t\t\t\t<span class=\"elementor-icon-list-icon\">\n\t\t\t\t\t\t\t<i aria-hidden=\"true\" class=\"fas fa-check\"><\/i>\t\t\t\t\t\t<\/span>\n\t\t\t\t\t\t\t\t\t\t<span class=\"elementor-icon-list-text\"><b>Mozg\u00e1ster\u00e1pia. <\/b> <span style=\"color:white\"> Ami lehet: gy\u00f3gytorna, j\u00f3ga, pranajama l\u00e9gz\u0151gyakorlatok, kardi\u00f3tr\u00e9ning. <\/span><\/span>\n\t\t\t\t\t\t\t\t\t<\/li>\n\t\t\t\t\t\t\t\t<li class=\"elementor-icon-list-item\">\n\t\t\t\t\t\t\t\t\t\t\t<span class=\"elementor-icon-list-icon\">\n\t\t\t\t\t\t\t<i aria-hidden=\"true\" class=\"fas fa-check\"><\/i>\t\t\t\t\t\t<\/span>\n\t\t\t\t\t\t\t\t\t\t<span class=\"elementor-icon-list-text\"><b>S\u00f3szoba <\/b> <\/span>\n\t\t\t\t\t\t\t\t\t<\/li>\n\t\t\t\t\t\t\t\t<li class=\"elementor-icon-list-item\">\n\t\t\t\t\t\t\t\t\t\t\t<span class=\"elementor-icon-list-icon\">\n\t\t\t\t\t\t\t<i aria-hidden=\"true\" class=\"fas fa-check\"><\/i>\t\t\t\t\t\t<\/span>\n\t\t\t\t\t\t\t\t\t\t<span class=\"elementor-icon-list-text\"><b>Reflexter\u00e1pia. <\/b> <span style=\"color:white\"> Ami lehet: posztizometrikus relax\u00e1ci\u00f3, akupunkt\u00fara, moksa ter\u00e1pia, manu\u00e1l ter\u00e1pia <\/span><\/span>\n\t\t\t\t\t\t\t\t\t<\/li>\n\t\t\t\t\t\t\t\t<li class=\"elementor-icon-list-item\">\n\t\t\t\t\t\t\t\t\t\t\t<span class=\"elementor-icon-list-icon\">\n\t\t\t\t\t\t\t<i aria-hidden=\"true\" class=\"fas fa-check\"><\/i>\t\t\t\t\t\t<\/span>\n\t\t\t\t\t\t\t\t\t\t<span class=\"elementor-icon-list-text\"><b> Ayurv\u00e9dikus tiszt\u00edt\u00f3 elj\u00e1r\u00e1sok.<\/b> <span style=\"color:white\"> Ami lehet: vamana, virechana, basti, nasja\/shirovirechana.<\/span><\/span>\n\t\t\t\t\t\t\t\t\t<\/li>\n\t\t\t\t\t\t\t\t<li class=\"elementor-icon-list-item\">\n\t\t\t\t\t\t\t\t\t\t\t<span class=\"elementor-icon-list-icon\">\n\t\t\t\t\t\t\t<i aria-hidden=\"true\" class=\"fas fa-check\"><\/i>\t\t\t\t\t\t<\/span>\n\t\t\t\t\t\t\t\t\t\t<span class=\"elementor-icon-list-text\"><b>Fitoter\u00e1pi\u00e1s gy\u00f3gyk\u00e9sz\u00edtm\u00e9nyek. <\/b> <\/span>\n\t\t\t\t\t\t\t\t\t<\/li>\n\t\t\t\t\t\t\t\t<li class=\"elementor-icon-list-item\">\n\t\t\t\t\t\t\t\t\t\t\t<span class=\"elementor-icon-list-icon\">\n\t\t\t\t\t\t\t<i aria-hidden=\"true\" class=\"fas fa-check\"><\/i>\t\t\t\t\t\t<\/span>\n\t\t\t\t\t\t\t\t\t\t<span class=\"elementor-icon-list-text\"><b> Gy\u00f3gy\u00edt\u00f3 t\u00e1pl\u00e1lkoz\u00e1s. <\/b><\/span>\n\t\t\t\t\t\t\t\t\t<\/li>\n\t\t\t\t\t\t<\/ul>\n\t\t\t\t\t\t<\/div>\n\t\t\t\t<\/div>\n\t\t\t\t<div class=\"elementor-element elementor-element-f96ff38 elementor-align-center elementor-widget elementor-widget-button\" data-id=\"f96ff38\" data-element_type=\"widget\" data-e-type=\"widget\" data-widget_type=\"button.default\">\n\t\t\t\t<div class=\"elementor-widget-container\">\n\t\t\t\t\t\t\t\t\t<div class=\"elementor-button-wrapper\">\n\t\t\t\t\t<a class=\"elementor-button elementor-button-link elementor-size-sm\" href=\"\/kapcsolat\">\n\t\t\t\t\t\t<span class=\"elementor-button-content-wrapper\">\n\t\t\t\t\t\t\t\t\t<span class=\"elementor-button-text\">Foglalok id\u0151pontot<\/span>\n\t\t\t\t\t<\/span>\n\t\t\t\t\t<\/a>\n\t\t\t\t<\/div>\n\t\t\t\t\t\t\t\t<\/div>\n\t\t\t\t<\/div>\n\t\t\t\t<div class=\"elementor-element elementor-element-b5e3e3f elementor-widget elementor-widget-text-editor\" data-id=\"b5e3e3f\" data-element_type=\"widget\" data-e-type=\"widget\" data-widget_type=\"text-editor.default\">\n\t\t\t\t<div class=\"elementor-widget-container\">\n\t\t\t\t\t\t\t\t\t<h3>Fiatal\u00edt\u00e1st t\u00e1mogat\u00f3 \u00e9trend<\/h3><p>Az \u00e9trend nemcsak m\u00e1s ayurv\u00e9dikus kezel\u00e9sek, de a Rassayana kezel\u00e9s sor\u00e1n is kulcsfontoss\u00e1g\u00fa elem. Az \u00e9teleknek frissnek, t\u00e1pl\u00e1l\u00f3nak \u00e9s k\u00f6nnyen em\u00e9szthet\u0151nek kell lenni\u00fck, hogy a szervezet k\u00f6nnyen hozz\u00e1juthasson a sz\u00fcks\u00e9ges t\u00e1panyagokhoz. Ez\u00e1ltal a test energi\u00e1j\u00e1t m\u00e1s tiszt\u00edt\u00f3 \u00e9s vitaliz\u00e1l\u00f3 folyamatokra ford\u00edthatja.<\/p><p>A fiatalod\u00e1st el\u0151seg\u00edti, ha olyan meleg \u00e9teleket fogyasztunk, amelyek gh\u00ed vajat tartalmaznak. A tej, szez\u00e1mmag, di\u00f3f\u00e9l\u00e9k \u00e9s m\u00e9z is a k\u00f6zkedvelt \u00e9telek k\u00f6z\u00e9 tartoznak. A f\u0171szerek k\u00f6z\u00fcl a kurkuma, gy\u00f6mb\u00e9r \u00e9s fah\u00e9j haszn\u00e1lata t\u00e1mogatj\u00e1k az em\u00e9szt\u00e9st \u00e9s jav\u00edtj\u00e1k az energia\u00e1raml\u00e1st.<\/p><h3>Ayurv\u00e9dikus napi rutin<\/h3><p>Az emberi szervezet ig\u00e9nyli a rendszeress\u00e9get \u00e9s a stresszmentes k\u00f6rnyezetet. Ez\u00e9rt a j\u00f3l megtervezett napi rutin szint\u00e9n seg\u00edt feler\u0151s\u00edteni a Rassayana ter\u00e1pia hat\u00e1s\u00e1t.<\/p>\t\t\t\t\t\t\t\t<\/div>\n\t\t\t\t<\/div>\n\t\t\t\t<div class=\"elementor-element elementor-element-525d765 elementor-widget elementor-widget-text-editor\" data-id=\"525d765\" data-element_type=\"widget\" data-e-type=\"widget\" data-widget_type=\"text-editor.default\">\n\t\t\t\t<div class=\"elementor-widget-container\">\n\t\t\t\t\t\t\t\t\t<p>A Calendula Klinik\u00e1n p\u00e1cienseink az al\u00e1bbi napi rutint k\u00f6vetik:<\/p><p>\u2022 gondosan megtervezett napi beoszt\u00e1s, amely elegend\u0151 alv\u00e1st \u00e9s pihen\u00e9st biztos\u00edt<\/p><p>\u2022 mely \u00f6tv\u00f6zi a form\u00e1l\u00f3 \u00e9s pihentet\u0151 hat\u00e1s\u00fa mozg\u00e1sform\u00e1kat, \u00e9s el\u0151seg\u00edti az energia\u00e1raml\u00e1st a testben<\/p><p>\u2022 korai fekv\u00e9s \u00e9s \u00e9bred\u00e9s, amelyet medit\u00e1ci\u00f3 k\u00eds\u00e9r a stressz cs\u00f6kkent\u00e9se \u00e9s a tudatoss\u00e1g n\u00f6vel\u00e9se \u00e9rdek\u00e9ben<\/p><p>\u2022 medit\u00e1ci\u00f3 \u00e9s l\u00e9gz\u0151gyakorlatok, amelyek seg\u00edtenek fenntartani a pozit\u00edv lelki\u00e1llapotot \u00e9s a ment\u00e1lis egyens\u00falyt.<\/p>\t\t\t\t\t\t\t\t<\/div>\n\t\t\t\t<\/div>\n\t\t\t\t<div class=\"elementor-element elementor-element-0a0c917 elementor-widget elementor-widget-text-editor\" data-id=\"0a0c917\" data-element_type=\"widget\" data-e-type=\"widget\" data-widget_type=\"text-editor.default\">\n\t\t\t\t<div class=\"elementor-widget-container\">\n\t\t\t\t\t\t\t\t\t<p><strong>Hogyan seg\u00edt a Vajikarana a nemi eg\u00e9szs\u00e9g meger\u0151s\u00edt\u00e9s\u00e9ben?<\/strong><\/p><p>A Vajikarana kezel\u00e9s az afrodizi\u00e1kumok k\u00f6z\u00e9 sorolhat\u00f3, ugyanis a kezel\u00e9s v\u00e9g\u00e9re a legt\u00f6bb p\u00e1ciens megn\u00f6vekedett libid\u00f3t, helyre\u00e1llt term\u00e9kenys\u00e9get \u00e9s eg\u00e9szs\u00e9ges szexu\u00e1lis egyens\u00falyt tapasztal. A Rassayan\u00e1hoz hasonl\u00f3an, a Vajikarana is az ayurv\u00e9dikus hagyom\u00e1nyokban gy\u00f6kerezik, amit a mai napig haszn\u00e1lnak term\u00e9kenys\u00e9gi probl\u00e9m\u00e1k kezel\u00e9s\u00e9re a holisztikus gy\u00f3gy\u00edt\u00e1s ter\u00fcletein bel\u00fcl.<\/p><p>A Vajikarana k\u00fcl\u00f6nlegess\u00e9ge, hogy nem csup\u00e1n a testi probl\u00e9m\u00e1k gy\u00f3gy\u00edt\u00e1s\u00e1ra \u00f6sszpontos\u00edt, hanem az eg\u00e9sz szervezet gy\u00f3gy\u00edt\u00e1sa mellett a lelki probl\u00e9m\u00e1k \u00e9s az energiablokkok felold\u00e1s\u00e1ra is. Ez\u00e1ltal sok esetben megsz\u0171nhetnek a p\u00e1ciensek kor\u00e1bban megoldhatatlannak v\u00e9lt t\u00fcnetei, mivel a kezel\u00e9sek minden szinten a kiv\u00e1lt\u00f3 okokra ir\u00e1nyulnak.<\/p><p>A Vajikarana ter\u00e1pia mindk\u00e9t nem sz\u00e1m\u00e1ra hat\u00e9kony, mivel jav\u00edtja a term\u00e9kenys\u00e9get. Seg\u00edti a spermiumok \u00e9s a petesejtek min\u0151s\u00e9g\u00e9nek \u00e9s \u00e9letk\u00e9pess\u00e9g\u00e9nek n\u00f6vel\u00e9s\u00e9t, \u00edgy fokozva a fogantat\u00e1s es\u00e9lyeit. Emellett c\u00e9lja a libid\u00f3 n\u00f6vel\u00e9se \u00e9s a hormon\u00e1lis egyens\u00faly helyre\u00e1ll\u00edt\u00e1sa is.<\/p>\t\t\t\t\t\t\t\t<\/div>\n\t\t\t\t<\/div>\n\t\t\t\t<div class=\"elementor-element elementor-element-ed6d208 elementor-widget elementor-widget-text-editor\" data-id=\"ed6d208\" data-element_type=\"widget\" data-e-type=\"widget\" data-widget_type=\"text-editor.default\">\n\t\t\t\t<div class=\"elementor-widget-container\">\n\t\t\t\t\t\t\t\t\t<h2>Mik a Vajikarana kezel\u00e9s m\u00f3djai?<\/h2><p>A Vajikarana kezel\u00e9sben szint\u00e9n kiemelt szerepet j\u00e1tszik a megfelel\u0151 ayurv\u00e9dikus \u00e9trend. Bizonyos gy\u00f3gyn\u00f6v\u00e9nyek feler\u0151s\u00edtik a ter\u00e1pia hat\u00e1s\u00e1t:<\/p><p><strong>\u2022 shatavari<\/strong>: jav\u00edtja a term\u00e9kenys\u00e9get \u00e9s t\u00e1mogatja a hormon\u00e1lis egyens\u00falyt a n\u0151kn\u00e9l.<\/p><p><strong>\u2022 kapikachhu (Mucuna pruriens)<\/strong>: afrodizi\u00e1kum, amely jav\u00edtja a spermiumok min\u0151s\u00e9g\u00e9t \u00e9s t\u00e1mogatja az idegrendszert.<\/p><p>A Rassayana elveihez hasonl\u00f3an az \u00e9letm\u00f3d is kulcsszerepet j\u00e1tszik a helyre\u00e1ll\u00edt\u00e1sban. A f\u0151 c\u00e9lkit\u0171z\u00e9s az alv\u00e1smin\u0151s\u00e9g jav\u00edt\u00e1sa, a stressz cs\u00f6kkent\u00e9se \u00e9s a mozg\u00e1s beiktat\u00e1sa a mindennapokba.<\/p>\t\t\t\t\t\t\t\t<\/div>\n\t\t\t\t<\/div>\n\t\t\t\t<div class=\"elementor-element elementor-element-2c9d326 elementor-widget elementor-widget-image\" data-id=\"2c9d326\" data-element_type=\"widget\" data-e-type=\"widget\" data-widget_type=\"image.default\">\n\t\t\t\t<div class=\"elementor-widget-container\">\n\t\t\t\t\t\t\t\t\t\t\t\t\t\t\t<img loading=\"lazy\" decoding=\"async\" width=\"900\" height=\"506\" src=\"https:\/\/calendula.hu\/wp-content\/uploads\/2025\/01\/calendula-beauty-fiatalito-program-4-1024x576.webp\" class=\"attachment-large size-large wp-image-8131\" alt=\"\" srcset=\"https:\/\/calendula.hu\/wp-content\/uploads\/2025\/01\/calendula-beauty-fiatalito-program-4-1024x576.webp 1024w, https:\/\/calendula.hu\/wp-content\/uploads\/2025\/01\/calendula-beauty-fiatalito-program-4-300x169.webp 300w, https:\/\/calendula.hu\/wp-content\/uploads\/2025\/01\/calendula-beauty-fiatalito-program-4-768x432.webp 768w, https:\/\/calendula.hu\/wp-content\/uploads\/2025\/01\/calendula-beauty-fiatalito-program-4-1536x864.webp 1536w, https:\/\/calendula.hu\/wp-content\/uploads\/2025\/01\/calendula-beauty-fiatalito-program-4.webp 1920w\" sizes=\"auto, (max-width: 900px) 100vw, 900px\" \/>\t\t\t\t\t\t\t\t\t\t\t\t\t\t\t<\/div>\n\t\t\t\t<\/div>\n\t\t\t\t<div class=\"elementor-element elementor-element-eea8549 elementor-widget elementor-widget-text-editor\" data-id=\"eea8549\" data-element_type=\"widget\" data-e-type=\"widget\" data-widget_type=\"text-editor.default\">\n\t\t\t\t<div class=\"elementor-widget-container\">\n\t\t\t\t\t\t\t\t\t<h2>Hogyan eg\u00e9sz\u00edti ki egym\u00e1st a Rassayana \u00e9s a Vajikarana?<\/h2><p>A Rassayana \u00e9s a Vajikarana az ayurv\u00e9da k\u00e9t kezel\u00e9se, amelyek k\u00f6lcs\u00f6n\u00f6sen er\u0151s\u00edtik egym\u00e1s hat\u00e1s\u00e1t \u00e9s t\u00e1mogatj\u00e1k a p\u00e1ciens eg\u00e9szs\u00e9g\u00e9t \u00e9s a vitalit\u00e1s\u00e1t fizikai, ment\u00e1lis \u00e9s lelki szinten is. M\u00edg a Rassayana az \u00e1ltal\u00e1nos eg\u00e9szs\u00e9g meg\u00faj\u00edt\u00e1s\u00e1ra, meger\u0151s\u00edt\u00e9sre \u00e9s fiatalod\u00e1sra \u00f6sszpontos\u00edt, a Vajikarana a reprodukt\u00edv eg\u00e9szs\u00e9get \u00e9s vitalit\u00e1st helyezi el\u0151t\u00e9rbe.<\/p><p>Az ayurv\u00e9da szerint a vitalit\u00e1s \u00e9s a reprodukt\u00edv eg\u00e9szs\u00e9g egym\u00e1ssal szoros \u00f6sszef\u00fcgg\u00e9sben \u00e1ll. \u00c9p testben \u00e9p l\u00e9lek. Az er\u0151s reprodukt\u00edv rendszer nemcsak a term\u00e9kenys\u00e9g szempontj\u00e1b\u00f3l fontos, hanem az energia, az ellen\u00e1ll\u00f3k\u00e9pess\u00e9g \u00e9s az \u00e9leter\u0151 szempontj\u00e1b\u00f3l is. Az eg\u00e9szs\u00e9ges hormonh\u00e1ztart\u00e1ssal \u00e9s libid\u00f3val rendelkez\u0151 szem\u00e9lyek teljesebb \u00e9letet \u00e9lnek, ugyanis szervezet\u00fck adotts\u00e1gait \u00e9s biol\u00f3giai funkci\u00f3it eg\u00e9szs\u00e9ges m\u00e9rt\u00e9kben tudj\u00e1k haszn\u00e1lni. A Rassayana a test meger\u0151s\u00edt\u00e9s\u00e9vel t\u00f6k\u00e9letes terepet k\u00e9sz\u00edt el\u0151, amire a Vajiakarana tud \u00e9p\u00edtkezni, hogy a term\u00e9kenys\u00e9get seg\u00edtse.<\/p>\t\t\t\t\t\t\t\t<\/div>\n\t\t\t\t<\/div>\n\t\t\t\t<div class=\"elementor-element elementor-element-dc98dd7 elementor-widget elementor-widget-text-editor\" data-id=\"dc98dd7\" data-element_type=\"widget\" data-e-type=\"widget\" data-widget_type=\"text-editor.default\">\n\t\t\t\t<div class=\"elementor-widget-container\">\n\t\t\t\t\t\t\t\t\t<h2>Fiatalod\u00e1s minden szinten a Calendula Klinik\u00e1n<\/h2><p>Legyen sz\u00f3 regener\u00e1ci\u00f3r\u00f3l, vitalit\u00e1sr\u00f3l vagy reprodukt\u00edv eg\u00e9szs\u00e9gr\u0151l, az ayurv\u00e9da holisztikus \u00fatmutat\u00e1sai a mai rohan\u00f3 vil\u00e1gban is relev\u00e1nsak \u00e9s <a href=\"https:\/\/calendula.hu\/kapcsolat\/\">el\u00e9rhet\u0151ek a si\u00f3foki Calendula Klinik\u00e1n<\/a>. A Rassayana \u00e9s Vajikarana ter\u00e1pi\u00e1k egym\u00e1sra \u00e9p\u00edtve seg\u00edtik a p\u00e1ciensek fiatalod\u00e1s\u00e1t \u00e9s term\u00e9kenys\u00e9g\u00e9nek helyre\u00e1ll\u00edt\u00e1s\u00e1t. Fedezze fel az \u0151si gy\u00f3gyter\u00e1pi\u00e1k hat\u00e1s\u00e1t, amelyek t\u00f6k\u00e9letesen kieg\u00e9sz\u00edtik a nyugati orvosl\u00e1s eszk\u00f6zeit, \u00e9s k\u00f6zelebb juttathatj\u00e1k egy teljesebb, kiegyens\u00falyozottabb \u00e9lethez.<\/p>\t\t\t\t\t\t\t\t<\/div>\n\t\t\t\t<\/div>\n\t\t\t\t<div class=\"elementor-element elementor-element-e0c9b21 elementor-align-center elementor-widget elementor-widget-button\" data-id=\"e0c9b21\" data-element_type=\"widget\" data-e-type=\"widget\" data-widget_type=\"button.default\">\n\t\t\t\t<div class=\"elementor-widget-container\">\n\t\t\t\t\t\t\t\t\t<div class=\"elementor-button-wrapper\">\n\t\t\t\t\t<a class=\"elementor-button elementor-button-link elementor-size-sm\" href=\"\/kapcsolat\">\n\t\t\t\t\t\t<span class=\"elementor-button-content-wrapper\">\n\t\t\t\t\t\t\t\t\t<span class=\"elementor-button-text\">Felveszem a kapcsolatot<\/span>\n\t\t\t\t\t<\/span>\n\t\t\t\t\t<\/a>\n\t\t\t\t<\/div>\n\t\t\t\t\t\t\t\t<\/div>\n\t\t\t\t<\/div>\n\t\t\t\t\t<\/div>\n\t\t<\/div>\n\t\t\t\t\t<\/div>\n\t\t<\/section>\n\t\t\t\t<\/div>\n\t\t","protected":false},"excerpt":{"rendered":"<p>A Rassayana \u00e9s Vajikarana az ayurv\u00e9dikus gy\u00f3gy\u00edt\u00e1s kezel\u00e9si m\u00f3djai, amik a vitalit\u00e1s \u00e9s term\u00e9kenys\u00e9g helyre\u00e1ll\u00edt\u00e1s\u00e1ban j\u00e1tszanak kiemelked\u0151 szerepet. A Rassayana a test, b\u0151r, sz\u00f6vetek \u00e9s sejtek fiatal\u00edt\u00e1s\u00e1ra, m\u00edg a Vajikarana a reprodukt\u00edv eg\u00e9szs\u00e9gre \u00e9s term\u00e9kenys\u00e9gre \u00f6sszpontos\u00edt. A k\u00e9t kezel\u00e9si m\u00f3dszer egy\u00fcttes eredm\u00e9nye a testi-lelki fiatalod\u00e1s. A modern orvosl\u00e1sban az orvosok \u00e1ltal\u00e1ban a test egy-egy ter\u00fclet\u00e9re [&hellip;]<\/p>\n","protected":false},"author":9,"featured_media":8186,"comment_status":"closed","ping_status":"open","sticky":false,"template":"","format":"standard","meta":{"footnotes":""},"categories":[44],"tags":[],"class_list":["post-8409","post","type-post","status-publish","format-standard","has-post-thumbnail","hentry","category-cikkek-publikaciok"],"yoast_head":"<!-- This site is optimized with the Yoast SEO Premium plugin v19.5 (Yoast SEO v27.5) - https:\/\/yoast.com\/product\/yoast-seo-premium-wordpress\/ -->\n<title>Rassayana vajikarana az ajurv\u00e9d\u00e1ban - Calendula Klinika - Si\u00f3fok<\/title>\n<meta name=\"description\" content=\"Ismerje meg, hogyan fiatal\u00edtja a testet \u00e9s er\u0151s\u00edti az immunrendszert a Rassayana, valamint mik\u00e9nt t\u00e1mogatja a Vajikarana a term\u00e9kenys\u00e9get.\" \/>\n<meta name=\"robots\" content=\"index, follow, max-snippet:-1, max-image-preview:large, max-video-preview:-1\" \/>\n<link rel=\"canonical\" href=\"https:\/\/calendula.hu\/hu\/rassayana-vajikarana-ajurveda\/\" \/>\n<meta property=\"og:locale\" content=\"hu_HU\" \/>\n<meta property=\"og:type\" content=\"article\" \/>\n<meta property=\"og:title\" content=\"Rassayana vajikarana az ajurv\u00e9d\u00e1ban\" \/>\n<meta property=\"og:description\" content=\"Ismerje meg, hogyan fiatal\u00edtja a testet \u00e9s er\u0151s\u00edti az immunrendszert a Rassayana, valamint mik\u00e9nt t\u00e1mogatja a Vajikarana a term\u00e9kenys\u00e9get.\" \/>\n<meta property=\"og:url\" content=\"https:\/\/calendula.hu\/hu\/rassayana-vajikarana-ajurveda\/\" \/>\n<meta property=\"og:site_name\" content=\"Calendula Klinika - Si\u00f3fok\" \/>\n<meta property=\"article:published_time\" content=\"2025-01-27T15:31:14+00:00\" \/>\n<meta property=\"article:modified_time\" content=\"2025-01-27T15:32:50+00:00\" \/>\n<meta property=\"og:image\" content=\"https:\/\/calendula.hu\/wp-content\/uploads\/2025\/01\/calendula-beauty-fiatalito-program-4-1.webp\" \/>\n\t<meta property=\"og:image:width\" content=\"1920\" \/>\n\t<meta property=\"og:image:height\" content=\"1080\" \/>\n\t<meta property=\"og:image:type\" content=\"image\/webp\" \/>\n<meta name=\"author\" content=\"Calendula\" \/>\n<meta name=\"twitter:card\" content=\"summary_large_image\" \/>\n<meta name=\"twitter:label1\" content=\"Szerz\u0151:\" \/>\n\t<meta name=\"twitter:data1\" content=\"Calendula\" \/>\n\t<meta name=\"twitter:label2\" content=\"Becs\u00fclt olvas\u00e1si id\u0151\" \/>\n\t<meta name=\"twitter:data2\" content=\"6 perc\" \/>\n<script type=\"application\/ld+json\" class=\"yoast-schema-graph\">{\"@context\":\"https:\\\/\\\/schema.org\",\"@graph\":[{\"@type\":\"Article\",\"@id\":\"https:\\\/\\\/calendula.hu\\\/rassayana-vajikarana-ajurveda\\\/#article\",\"isPartOf\":{\"@id\":\"https:\\\/\\\/calendula.hu\\\/rassayana-vajikarana-ajurveda\\\/\"},\"author\":{\"name\":\"Calendula\",\"@id\":\"https:\\\/\\\/calendula.hu\\\/#\\\/schema\\\/person\\\/998d88d990182b1b0a239208cce19f7f\"},\"headline\":\"Rassayana vajikarana az ajurv\u00e9d\u00e1ban\",\"datePublished\":\"2025-01-27T15:31:14+00:00\",\"dateModified\":\"2025-01-27T15:32:50+00:00\",\"mainEntityOfPage\":{\"@id\":\"https:\\\/\\\/calendula.hu\\\/rassayana-vajikarana-ajurveda\\\/\"},\"wordCount\":1557,\"image\":{\"@id\":\"https:\\\/\\\/calendula.hu\\\/rassayana-vajikarana-ajurveda\\\/#primaryimage\"},\"thumbnailUrl\":\"https:\\\/\\\/calendula.hu\\\/wp-content\\\/uploads\\\/2025\\\/01\\\/calendula-beauty-fiatalito-program-4-1-e1743686589611.webp\",\"articleSection\":[\"cikkek, publik\u00e1ci\u00f3k\"],\"inLanguage\":\"hu\"},{\"@type\":\"WebPage\",\"@id\":\"https:\\\/\\\/calendula.hu\\\/rassayana-vajikarana-ajurveda\\\/\",\"url\":\"https:\\\/\\\/calendula.hu\\\/rassayana-vajikarana-ajurveda\\\/\",\"name\":\"Rassayana vajikarana az ajurv\u00e9d\u00e1ban - Calendula Klinika - Si\u00f3fok\",\"isPartOf\":{\"@id\":\"https:\\\/\\\/calendula.hu\\\/#website\"},\"primaryImageOfPage\":{\"@id\":\"https:\\\/\\\/calendula.hu\\\/rassayana-vajikarana-ajurveda\\\/#primaryimage\"},\"image\":{\"@id\":\"https:\\\/\\\/calendula.hu\\\/rassayana-vajikarana-ajurveda\\\/#primaryimage\"},\"thumbnailUrl\":\"https:\\\/\\\/calendula.hu\\\/wp-content\\\/uploads\\\/2025\\\/01\\\/calendula-beauty-fiatalito-program-4-1-e1743686589611.webp\",\"datePublished\":\"2025-01-27T15:31:14+00:00\",\"dateModified\":\"2025-01-27T15:32:50+00:00\",\"author\":{\"@id\":\"https:\\\/\\\/calendula.hu\\\/#\\\/schema\\\/person\\\/998d88d990182b1b0a239208cce19f7f\"},\"description\":\"Ismerje meg, hogyan fiatal\u00edtja a testet \u00e9s er\u0151s\u00edti az immunrendszert a Rassayana, valamint mik\u00e9nt t\u00e1mogatja a Vajikarana a term\u00e9kenys\u00e9get.\",\"breadcrumb\":{\"@id\":\"https:\\\/\\\/calendula.hu\\\/rassayana-vajikarana-ajurveda\\\/#breadcrumb\"},\"inLanguage\":\"hu\",\"potentialAction\":[{\"@type\":\"ReadAction\",\"target\":[\"https:\\\/\\\/calendula.hu\\\/rassayana-vajikarana-ajurveda\\\/\"]}]},{\"@type\":\"ImageObject\",\"inLanguage\":\"hu\",\"@id\":\"https:\\\/\\\/calendula.hu\\\/rassayana-vajikarana-ajurveda\\\/#primaryimage\",\"url\":\"https:\\\/\\\/calendula.hu\\\/wp-content\\\/uploads\\\/2025\\\/01\\\/calendula-beauty-fiatalito-program-4-1-e1743686589611.webp\",\"contentUrl\":\"https:\\\/\\\/calendula.hu\\\/wp-content\\\/uploads\\\/2025\\\/01\\\/calendula-beauty-fiatalito-program-4-1-e1743686589611.webp\",\"width\":1600,\"height\":900},{\"@type\":\"BreadcrumbList\",\"@id\":\"https:\\\/\\\/calendula.hu\\\/rassayana-vajikarana-ajurveda\\\/#breadcrumb\",\"itemListElement\":[{\"@type\":\"ListItem\",\"position\":1,\"name\":\"Home\",\"item\":\"https:\\\/\\\/calendula.hu\\\/\"},{\"@type\":\"ListItem\",\"position\":2,\"name\":\"Rassayana vajikarana az ajurv\u00e9d\u00e1ban\"}]},{\"@type\":\"WebSite\",\"@id\":\"https:\\\/\\\/calendula.hu\\\/#website\",\"url\":\"https:\\\/\\\/calendula.hu\\\/\",\"name\":\"Calendula Klinika - Si\u00f3fok\",\"description\":\"\",\"potentialAction\":[{\"@type\":\"SearchAction\",\"target\":{\"@type\":\"EntryPoint\",\"urlTemplate\":\"https:\\\/\\\/calendula.hu\\\/?s={search_term_string}\"},\"query-input\":{\"@type\":\"PropertyValueSpecification\",\"valueRequired\":true,\"valueName\":\"search_term_string\"}}],\"inLanguage\":\"hu\"},{\"@type\":\"Person\",\"@id\":\"https:\\\/\\\/calendula.hu\\\/#\\\/schema\\\/person\\\/998d88d990182b1b0a239208cce19f7f\",\"name\":\"Calendula\",\"image\":{\"@type\":\"ImageObject\",\"inLanguage\":\"hu\",\"@id\":\"https:\\\/\\\/secure.gravatar.com\\\/avatar\\\/249690c24b1161d99c031505025f1c47094231ba25ba1e283905794866d6bb22?s=96&d=mm&r=g\",\"url\":\"https:\\\/\\\/secure.gravatar.com\\\/avatar\\\/249690c24b1161d99c031505025f1c47094231ba25ba1e283905794866d6bb22?s=96&d=mm&r=g\",\"contentUrl\":\"https:\\\/\\\/secure.gravatar.com\\\/avatar\\\/249690c24b1161d99c031505025f1c47094231ba25ba1e283905794866d6bb22?s=96&d=mm&r=g\",\"caption\":\"Calendula\"},\"url\":\"https:\\\/\\\/calendula.hu\\\/hu\\\/author\\\/calendula\\\/\"}]}<\/script>\n<!-- \/ Yoast SEO Premium plugin. -->","yoast_head_json":{"title":"Rassayana vajikarana az ajurv\u00e9d\u00e1ban - Calendula Klinika - Si\u00f3fok","description":"Ismerje meg, hogyan fiatal\u00edtja a testet \u00e9s er\u0151s\u00edti az immunrendszert a Rassayana, valamint mik\u00e9nt t\u00e1mogatja a Vajikarana a term\u00e9kenys\u00e9get.","robots":{"index":"index","follow":"follow","max-snippet":"max-snippet:-1","max-image-preview":"max-image-preview:large","max-video-preview":"max-video-preview:-1"},"canonical":"https:\/\/calendula.hu\/hu\/rassayana-vajikarana-ajurveda\/","og_locale":"hu_HU","og_type":"article","og_title":"Rassayana vajikarana az ajurv\u00e9d\u00e1ban","og_description":"Ismerje meg, hogyan fiatal\u00edtja a testet \u00e9s er\u0151s\u00edti az immunrendszert a Rassayana, valamint mik\u00e9nt t\u00e1mogatja a Vajikarana a term\u00e9kenys\u00e9get.","og_url":"https:\/\/calendula.hu\/hu\/rassayana-vajikarana-ajurveda\/","og_site_name":"Calendula Klinika - Si\u00f3fok","article_published_time":"2025-01-27T15:31:14+00:00","article_modified_time":"2025-01-27T15:32:50+00:00","og_image":[{"width":1920,"height":1080,"url":"https:\/\/calendula.hu\/wp-content\/uploads\/2025\/01\/calendula-beauty-fiatalito-program-4-1.webp","type":"image\/webp"}],"author":"Calendula","twitter_card":"summary_large_image","twitter_misc":{"Szerz\u0151:":"Calendula","Becs\u00fclt olvas\u00e1si id\u0151":"6 perc"},"schema":{"@context":"https:\/\/schema.org","@graph":[{"@type":"Article","@id":"https:\/\/calendula.hu\/rassayana-vajikarana-ajurveda\/#article","isPartOf":{"@id":"https:\/\/calendula.hu\/rassayana-vajikarana-ajurveda\/"},"author":{"name":"Calendula","@id":"https:\/\/calendula.hu\/#\/schema\/person\/998d88d990182b1b0a239208cce19f7f"},"headline":"Rassayana vajikarana az ajurv\u00e9d\u00e1ban","datePublished":"2025-01-27T15:31:14+00:00","dateModified":"2025-01-27T15:32:50+00:00","mainEntityOfPage":{"@id":"https:\/\/calendula.hu\/rassayana-vajikarana-ajurveda\/"},"wordCount":1557,"image":{"@id":"https:\/\/calendula.hu\/rassayana-vajikarana-ajurveda\/#primaryimage"},"thumbnailUrl":"https:\/\/calendula.hu\/wp-content\/uploads\/2025\/01\/calendula-beauty-fiatalito-program-4-1-e1743686589611.webp","articleSection":["cikkek, publik\u00e1ci\u00f3k"],"inLanguage":"hu"},{"@type":"WebPage","@id":"https:\/\/calendula.hu\/rassayana-vajikarana-ajurveda\/","url":"https:\/\/calendula.hu\/rassayana-vajikarana-ajurveda\/","name":"Rassayana vajikarana az ajurv\u00e9d\u00e1ban - Calendula Klinika - Si\u00f3fok","isPartOf":{"@id":"https:\/\/calendula.hu\/#website"},"primaryImageOfPage":{"@id":"https:\/\/calendula.hu\/rassayana-vajikarana-ajurveda\/#primaryimage"},"image":{"@id":"https:\/\/calendula.hu\/rassayana-vajikarana-ajurveda\/#primaryimage"},"thumbnailUrl":"https:\/\/calendula.hu\/wp-content\/uploads\/2025\/01\/calendula-beauty-fiatalito-program-4-1-e1743686589611.webp","datePublished":"2025-01-27T15:31:14+00:00","dateModified":"2025-01-27T15:32:50+00:00","author":{"@id":"https:\/\/calendula.hu\/#\/schema\/person\/998d88d990182b1b0a239208cce19f7f"},"description":"Ismerje meg, hogyan fiatal\u00edtja a testet \u00e9s er\u0151s\u00edti az immunrendszert a Rassayana, valamint mik\u00e9nt t\u00e1mogatja a Vajikarana a term\u00e9kenys\u00e9get.","breadcrumb":{"@id":"https:\/\/calendula.hu\/rassayana-vajikarana-ajurveda\/#breadcrumb"},"inLanguage":"hu","potentialAction":[{"@type":"ReadAction","target":["https:\/\/calendula.hu\/rassayana-vajikarana-ajurveda\/"]}]},{"@type":"ImageObject","inLanguage":"hu","@id":"https:\/\/calendula.hu\/rassayana-vajikarana-ajurveda\/#primaryimage","url":"https:\/\/calendula.hu\/wp-content\/uploads\/2025\/01\/calendula-beauty-fiatalito-program-4-1-e1743686589611.webp","contentUrl":"https:\/\/calendula.hu\/wp-content\/uploads\/2025\/01\/calendula-beauty-fiatalito-program-4-1-e1743686589611.webp","width":1600,"height":900},{"@type":"BreadcrumbList","@id":"https:\/\/calendula.hu\/rassayana-vajikarana-ajurveda\/#breadcrumb","itemListElement":[{"@type":"ListItem","position":1,"name":"Home","item":"https:\/\/calendula.hu\/"},{"@type":"ListItem","position":2,"name":"Rassayana vajikarana az ajurv\u00e9d\u00e1ban"}]},{"@type":"WebSite","@id":"https:\/\/calendula.hu\/#website","url":"https:\/\/calendula.hu\/","name":"Calendula Klinika - Si\u00f3fok","description":"","potentialAction":[{"@type":"SearchAction","target":{"@type":"EntryPoint","urlTemplate":"https:\/\/calendula.hu\/?s={search_term_string}"},"query-input":{"@type":"PropertyValueSpecification","valueRequired":true,"valueName":"search_term_string"}}],"inLanguage":"hu"},{"@type":"Person","@id":"https:\/\/calendula.hu\/#\/schema\/person\/998d88d990182b1b0a239208cce19f7f","name":"Calendula","image":{"@type":"ImageObject","inLanguage":"hu","@id":"https:\/\/secure.gravatar.com\/avatar\/249690c24b1161d99c031505025f1c47094231ba25ba1e283905794866d6bb22?s=96&d=mm&r=g","url":"https:\/\/secure.gravatar.com\/avatar\/249690c24b1161d99c031505025f1c47094231ba25ba1e283905794866d6bb22?s=96&d=mm&r=g","contentUrl":"https:\/\/secure.gravatar.com\/avatar\/249690c24b1161d99c031505025f1c47094231ba25ba1e283905794866d6bb22?s=96&d=mm&r=g","caption":"Calendula"},"url":"https:\/\/calendula.hu\/hu\/author\/calendula\/"}]}},"_links":{"self":[{"href":"https:\/\/calendula.hu\/hu\/wp-json\/wp\/v2\/posts\/8409","targetHints":{"allow":["GET"]}}],"collection":[{"href":"https:\/\/calendula.hu\/hu\/wp-json\/wp\/v2\/posts"}],"about":[{"href":"https:\/\/calendula.hu\/hu\/wp-json\/wp\/v2\/types\/post"}],"author":[{"embeddable":true,"href":"https:\/\/calendula.hu\/hu\/wp-json\/wp\/v2\/users\/9"}],"replies":[{"embeddable":true,"href":"https:\/\/calendula.hu\/hu\/wp-json\/wp\/v2\/comments?post=8409"}],"version-history":[{"count":12,"href":"https:\/\/calendula.hu\/hu\/wp-json\/wp\/v2\/posts\/8409\/revisions"}],"predecessor-version":[{"id":8422,"href":"https:\/\/calendula.hu\/hu\/wp-json\/wp\/v2\/posts\/8409\/revisions\/8422"}],"wp:featuredmedia":[{"embeddable":true,"href":"https:\/\/calendula.hu\/hu\/wp-json\/wp\/v2\/media\/8186"}],"wp:attachment":[{"href":"https:\/\/calendula.hu\/hu\/wp-json\/wp\/v2\/media?parent=8409"}],"wp:term":[{"taxonomy":"category","embeddable":true,"href":"https:\/\/calendula.hu\/hu\/wp-json\/wp\/v2\/categories?post=8409"},{"taxonomy":"post_tag","embeddable":true,"href":"https:\/\/calendula.hu\/hu\/wp-json\/wp\/v2\/tags?post=8409"}],"curies":[{"name":"wp","href":"https:\/\/api.w.org\/{rel}","templated":true}]}}