{"id":3614,"date":"2023-02-18T17:48:26","date_gmt":"2023-02-18T16:48:26","guid":{"rendered":"https:\/\/calendula.hu\/?p=3614"},"modified":"2026-03-02T08:57:44","modified_gmt":"2026-03-02T07:57:44","slug":"akupunktura","status":"publish","type":"post","link":"https:\/\/calendula.hu\/sk\/akupunktura\/","title":{"rendered":"Akupunkt\u00fara"},"content":{"rendered":"<div data-elementor-type=\"wp-post\" data-elementor-id=\"3614\" class=\"elementor elementor-3614\" data-elementor-post-type=\"post\">\n\t\t\t\t\t\t<section class=\"elementor-section elementor-top-section elementor-element elementor-element-539a2093 elementor-section-boxed elementor-section-height-default elementor-section-height-default\" data-id=\"539a2093\" data-element_type=\"section\" data-e-type=\"section\">\n\t\t\t\t\t\t<div class=\"elementor-container elementor-column-gap-default\">\n\t\t\t\t\t<div class=\"elementor-column elementor-col-100 elementor-top-column elementor-element elementor-element-20dd6671\" data-id=\"20dd6671\" data-element_type=\"column\" data-e-type=\"column\">\n\t\t\t<div class=\"elementor-widget-wrap elementor-element-populated\">\n\t\t\t\t\t\t<div class=\"elementor-element elementor-element-0c61efe elementor-widget elementor-widget-heading\" data-id=\"0c61efe\" data-element_type=\"widget\" data-e-type=\"widget\" data-widget_type=\"heading.default\">\n\t\t\t\t<div class=\"elementor-widget-container\">\n\t\t\t\t\t<h2 class=\"elementor-heading-title elementor-size-default\">\u010co je akupunkt\u00fara?<\/h2>\t\t\t\t<\/div>\n\t\t\t\t<\/div>\n\t\t\t\t<div class=\"elementor-element elementor-element-42feddd elementor-widget elementor-widget-text-editor\" data-id=\"42feddd\" data-element_type=\"widget\" data-e-type=\"widget\" data-widget_type=\"text-editor.default\">\n\t\t\t\t<div class=\"elementor-widget-container\">\n\t\t\t\t\t\t\t\t\t<p style=\"font-weight: 400;\">Akupunkt\u00fara je jednou z najzn\u00e1mej\u0161\u00edch a najstar\u0161\u00edch terapeutick\u00fdch met\u00f3d tradi\u010dnej \u010d\u00ednskej medic\u00edny (T\u010cM), ktor\u00e1 m\u00e1 viac ako tritis\u00edcro\u010dn\u00fa hist\u00f3riu. Jej z\u00e1kladn\u00fdm princ\u00edpom je, \u017ee v tele pr\u00fadi energia, tzv. Qi (vyslovuje sa \u201e\u010dchi\u201c), ktorej rovnov\u00e1ha je nevyhnutn\u00e1 pre udr\u017eanie zdravia. Ak je t\u00e1to energetick\u00e1 sie\u0165 \u2013 prebiehaj\u00faca cez meridi\u00e1ny \u2013 zablokovan\u00e1 alebo je naru\u0161en\u00e1 jej rovnov\u00e1ha, m\u00f4\u017eu sa objavi\u0165 r\u00f4zne fyzick\u00e9 a psychick\u00e9 probl\u00e9my.<\/p>\t\t\t\t\t\t\t\t<\/div>\n\t\t\t\t<\/div>\n\t\t\t\t<div class=\"elementor-element elementor-element-e8ca8b5 elementor-widget elementor-widget-heading\" data-id=\"e8ca8b5\" data-element_type=\"widget\" data-e-type=\"widget\" data-widget_type=\"heading.default\">\n\t\t\t\t<div class=\"elementor-widget-container\">\n\t\t\t\t\t<h2 class=\"elementor-heading-title elementor-size-default\">Princ\u00edp fungovania akupunkt\u00fary<\/h2>\t\t\t\t<\/div>\n\t\t\t\t<\/div>\n\t\t\t\t<div class=\"elementor-element elementor-element-aab06df elementor-widget elementor-widget-text-editor\" data-id=\"aab06df\" data-element_type=\"widget\" data-e-type=\"widget\" data-widget_type=\"text-editor.default\">\n\t\t\t\t<div class=\"elementor-widget-container\">\n\t\t\t\t\t\t\t\t\t<p style=\"font-weight: 400;\">Pri akupunkt\u00fare terapeut vklad\u00e1 tenk\u00e9, steriln\u00e9 ihly do \u0161pecifick\u00fdch bodov na tele, ktor\u00e9 s\u00fa prepojen\u00e9 s r\u00f4znymi org\u00e1nmi a energetick\u00fdmi dr\u00e1hami. Cie\u013eom je obnovi\u0165 vo\u013en\u00fd tok Qi, uvo\u013eni\u0165 blok\u00e1dy a vyu\u017ei\u0165 prirodzen\u00e9 samolie\u010debn\u00e9 procesy tela. Ako hovor\u00ed ma\u010farsk\u00e9 pr\u00edslovie: \u201eZdrav\u00e1 du\u0161a znamen\u00e1 zdrav\u00e9 telo.\u201c Akupunkt\u00fara sa sna\u017e\u00ed obnovi\u0165 t\u00fato harm\u00f3niu na telesnej aj du\u0161evnej \u00farovni.<\/p>\t\t\t\t\t\t\t\t<\/div>\n\t\t\t\t<\/div>\n\t\t\t\t<div class=\"elementor-element elementor-element-6a0defe elementor-widget elementor-widget-image\" data-id=\"6a0defe\" data-element_type=\"widget\" data-e-type=\"widget\" data-widget_type=\"image.default\">\n\t\t\t\t<div class=\"elementor-widget-container\">\n\t\t\t\t\t\t\t\t\t\t\t\t\t\t\t<img loading=\"lazy\" decoding=\"async\" width=\"1624\" height=\"1080\" src=\"https:\/\/calendula.hu\/wp-content\/uploads\/2023\/02\/calendula-akupunkturas-kezeles.webp\" class=\"attachment-full size-full wp-image-7565\" alt=\"\" srcset=\"https:\/\/calendula.hu\/wp-content\/uploads\/2023\/02\/calendula-akupunkturas-kezeles.webp 1624w, https:\/\/calendula.hu\/wp-content\/uploads\/2023\/02\/calendula-akupunkturas-kezeles-300x200.webp 300w, https:\/\/calendula.hu\/wp-content\/uploads\/2023\/02\/calendula-akupunkturas-kezeles-1024x681.webp 1024w, https:\/\/calendula.hu\/wp-content\/uploads\/2023\/02\/calendula-akupunkturas-kezeles-768x511.webp 768w, https:\/\/calendula.hu\/wp-content\/uploads\/2023\/02\/calendula-akupunkturas-kezeles-1536x1021.webp 1536w\" sizes=\"auto, (max-width: 1624px) 100vw, 1624px\" \/>\t\t\t\t\t\t\t\t\t\t\t\t\t\t\t<\/div>\n\t\t\t\t<\/div>\n\t\t\t\t<div class=\"elementor-element elementor-element-34ba6d2 elementor-widget elementor-widget-heading\" data-id=\"34ba6d2\" data-element_type=\"widget\" data-e-type=\"widget\" data-widget_type=\"heading.default\">\n\t\t\t\t<div class=\"elementor-widget-container\">\n\t\t\t\t\t<h2 class=\"elementor-heading-title elementor-size-default\">Pri ak\u00fdch probl\u00e9moch m\u00f4\u017ee by\u0165 akupunkt\u00fara \u00fa\u010dinn\u00e1?\n\n<\/h2>\t\t\t\t<\/div>\n\t\t\t\t<\/div>\n\t\t\t\t<div class=\"elementor-element elementor-element-e2ebd69 elementor-icon-list--layout-traditional elementor-list-item-link-full_width elementor-widget elementor-widget-icon-list\" data-id=\"e2ebd69\" data-element_type=\"widget\" data-e-type=\"widget\" data-widget_type=\"icon-list.default\">\n\t\t\t\t<div class=\"elementor-widget-container\">\n\t\t\t\t\t\t\t<ul class=\"elementor-icon-list-items\">\n\t\t\t\t\t\t\t<li class=\"elementor-icon-list-item\">\n\t\t\t\t\t\t\t\t\t\t\t<span class=\"elementor-icon-list-icon\">\n\t\t\t\t\t\t\t<i aria-hidden=\"true\" class=\"fas fa-check\"><\/i>\t\t\t\t\t\t<\/span>\n\t\t\t\t\t\t\t\t\t\t<span class=\"elementor-icon-list-text\">Pohybov\u00e9 \u0165a\u017ekosti \u2013 napr\u00edklad bolesti chrbta, kr\u00ed\u017eov alebo k\u013abov, svalov\u00e9 nap\u00e4tie a \u0161portov\u00e9 zranenia.<\/span>\n\t\t\t\t\t\t\t\t\t<\/li>\n\t\t\t\t\t\t\t\t<li class=\"elementor-icon-list-item\">\n\t\t\t\t\t\t\t\t\t\t\t<span class=\"elementor-icon-list-icon\">\n\t\t\t\t\t\t\t<i aria-hidden=\"true\" class=\"fas fa-check\"><\/i>\t\t\t\t\t\t<\/span>\n\t\t\t\t\t\t\t\t\t\t<span class=\"elementor-icon-list-text\">Stres a poruchy sp\u00e1nku \u2013 pom\u00e1ha upokoji\u0165 nervov\u00fd syst\u00e9m, zmierni\u0165 stres a podpori\u0165 kvalitn\u00fd sp\u00e1nok.<\/span>\n\t\t\t\t\t\t\t\t\t<\/li>\n\t\t\t\t\t\t\t\t<li class=\"elementor-icon-list-item\">\n\t\t\t\t\t\t\t\t\t\t\t<span class=\"elementor-icon-list-icon\">\n\t\t\t\t\t\t\t<i aria-hidden=\"true\" class=\"fas fa-check\"><\/i>\t\t\t\t\t\t<\/span>\n\t\t\t\t\t\t\t\t\t\t<span class=\"elementor-icon-list-text\">Tr\u00e1viace probl\u00e9my \u2013 m\u00f4\u017ee sa pou\u017e\u00edva\u0165 aj pri \u017eal\u00fado\u010dn\u00fdch \u0165a\u017ekostiach, nad\u00favan\u00ed, z\u00e1pche alebo hna\u010dke.<\/span>\n\t\t\t\t\t\t\t\t\t<\/li>\n\t\t\t\t\t\t\t\t<li class=\"elementor-icon-list-item\">\n\t\t\t\t\t\t\t\t\t\t\t<span class=\"elementor-icon-list-icon\">\n\t\t\t\t\t\t\t<i aria-hidden=\"true\" class=\"fas fa-check\"><\/i>\t\t\t\t\t\t<\/span>\n\t\t\t\t\t\t\t\t\t\t<span class=\"elementor-icon-list-text\">Hormon\u00e1lna nerovnov\u00e1ha \u2013 napr\u00edklad men\u0161trua\u010dn\u00e9 poruchy a zmiernenie pr\u00edznakov menopauzy.<\/span>\n\t\t\t\t\t\t\t\t\t<\/li>\n\t\t\t\t\t\t\t\t<li class=\"elementor-icon-list-item\">\n\t\t\t\t\t\t\t\t\t\t\t<span class=\"elementor-icon-list-icon\">\n\t\t\t\t\t\t\t<i aria-hidden=\"true\" class=\"fas fa-check\"><\/i>\t\t\t\t\t\t<\/span>\n\t\t\t\t\t\t\t\t\t\t<span class=\"elementor-icon-list-text\">Chronick\u00e9 stavy \u2013 doplnkov\u00e1 lie\u010dba pri bolestiach hlavy, migr\u00e9ne, alergick\u00fdch pr\u00edznakoch, astme alebo in\u00fdch dlhodob\u00fdch \u0165a\u017ekostiach.<\/span>\n\t\t\t\t\t\t\t\t\t<\/li>\n\t\t\t\t\t\t<\/ul>\n\t\t\t\t\t\t<\/div>\n\t\t\t\t<\/div>\n\t\t\t\t<div class=\"elementor-element elementor-element-911980f elementor-widget elementor-widget-heading\" data-id=\"911980f\" data-element_type=\"widget\" data-e-type=\"widget\" data-widget_type=\"heading.default\">\n\t\t\t\t<div class=\"elementor-widget-container\">\n\t\t\t\t\t<h2 class=\"elementor-heading-title elementor-size-default\">Priebeh lie\u010dby a bezpe\u010dnos\u0165<\/h2>\t\t\t\t<\/div>\n\t\t\t\t<\/div>\n\t\t\t\t<div class=\"elementor-element elementor-element-6df93f4 elementor-widget elementor-widget-text-editor\" data-id=\"6df93f4\" data-element_type=\"widget\" data-e-type=\"widget\" data-widget_type=\"text-editor.default\">\n\t\t\t\t<div class=\"elementor-widget-container\">\n\t\t\t\t\t\t\t\t\t<p>Akupunkt\u00farna lie\u010dba je v\u017edy individu\u00e1lna: terapeut pacienta podrobne vyspoved\u00e1 a n\u00e1sledne pod\u013ea toho vyberie vhodn\u00e9 body na o\u0161etrenie. Po\u010das z\u00e1kroku sa pou\u017e\u00edvaj\u00fa v\u00fdhradne jednorazov\u00e9 steriln\u00e9 ihly, tak\u017ee riziko infekcie je minim\u00e1lne. Z\u00e1krok je vo v\u0161eobecnosti bezbolestn\u00fd, pacient v\u00e4\u010d\u0161inou poci\u0165uje len mierne mrav\u010denie alebo pocit tepla.<\/p><p>Pod\u013ea ma\u010farskej \u013eudovej m\u00fadrosti: \u201eLep\u0161ie je chorobe predch\u00e1dza\u0165, ako ju lie\u010di\u0165.\u201c Akupunkt\u00fara je obzvl\u00e1\u0161\u0165 vhodn\u00e1 aj na prevenciu, teda na udr\u017eiavanie rovnov\u00e1hy telesn\u00e9ho a du\u0161evn\u00e9ho zdravia.<\/p>\t\t\t\t\t\t\t\t<\/div>\n\t\t\t\t<\/div>\n\t\t\t\t<div class=\"elementor-element elementor-element-1f957b6 elementor-widget elementor-widget-image\" data-id=\"1f957b6\" data-element_type=\"widget\" data-e-type=\"widget\" data-widget_type=\"image.default\">\n\t\t\t\t<div class=\"elementor-widget-container\">\n\t\t\t\t\t\t\t\t\t\t\t\t\t\t\t<img loading=\"lazy\" decoding=\"async\" width=\"900\" height=\"588\" src=\"https:\/\/calendula.hu\/wp-content\/uploads\/2023\/04\/Calendula0027-1024x669.jpg\" class=\"attachment-large size-large wp-image-5899\" alt=\"\" srcset=\"https:\/\/calendula.hu\/wp-content\/uploads\/2023\/04\/Calendula0027-1024x669.jpg 1024w, https:\/\/calendula.hu\/wp-content\/uploads\/2023\/04\/Calendula0027-300x196.jpg 300w, https:\/\/calendula.hu\/wp-content\/uploads\/2023\/04\/Calendula0027-768x502.jpg 768w, https:\/\/calendula.hu\/wp-content\/uploads\/2023\/04\/Calendula0027-1536x1004.jpg 1536w, https:\/\/calendula.hu\/wp-content\/uploads\/2023\/04\/Calendula0027.jpg 1920w\" sizes=\"auto, (max-width: 900px) 100vw, 900px\" \/>\t\t\t\t\t\t\t\t\t\t\t\t\t\t\t<\/div>\n\t\t\t\t<\/div>\n\t\t\t\t<div class=\"elementor-element elementor-element-1711470 elementor-widget elementor-widget-heading\" data-id=\"1711470\" data-element_type=\"widget\" data-e-type=\"widget\" data-widget_type=\"heading.default\">\n\t\t\t\t<div class=\"elementor-widget-container\">\n\t\t\t\t\t<h2 class=\"elementor-heading-title elementor-size-default\">Komplexn\u00fd pr\u00edstup, dlhodob\u00e9 v\u00fdsledky<\/h2>\t\t\t\t<\/div>\n\t\t\t\t<\/div>\n\t\t\t\t<div class=\"elementor-element elementor-element-d6351d1 elementor-widget elementor-widget-text-editor\" data-id=\"d6351d1\" data-element_type=\"widget\" data-e-type=\"widget\" data-widget_type=\"text-editor.default\">\n\t\t\t\t<div class=\"elementor-widget-container\">\n\t\t\t\t\t\t\t\t\t<p>Akupunkt\u00farna terapia neprelie\u010da iba sympt\u00f3my, ale sna\u017e\u00ed sa odhali\u0165 a odstr\u00e1ni\u0165 aj pr\u00ed\u010diny probl\u00e9mov. Tento komplexn\u00fd, holistick\u00fd pr\u00edstup m\u00f4\u017ee pom\u00f4c\u0165 dlhodobo udr\u017ea\u0165 zdravie pacienta a zlep\u0161i\u0165 kvalitu jeho \u017eivota. Akupunkt\u00fara sa preto m\u00f4\u017ee pou\u017e\u00edva\u0165 ako doplnok modernej medic\u00edny alebo samostatne, v\u017edy prisp\u00f4soben\u00e1 individu\u00e1lnym potreb\u00e1m pacienta.<\/p>\t\t\t\t\t\t\t\t<\/div>\n\t\t\t\t<\/div>\n\t\t\t\t\t<\/div>\n\t\t<\/div>\n\t\t\t\t\t<\/div>\n\t\t<\/section>\n\t\t\t\t<\/div>","protected":false},"excerpt":{"rendered":"<p>Mi az akupunkt\u00fara? Az akupunkt\u00fara a hagyom\u00e1nyos k\u00ednai orvosl\u00e1s (HKO) egyik legismertebb \u00e9s leg\u0151sibb ter\u00e1pi\u00e1s elj\u00e1r\u00e1sa, amely t\u00f6bb mint h\u00e1romezer \u00e9ves m\u00faltra tekint vissza. Alapelve, hogy a testben energia, azaz Qi (ejtsd:\u00a0cs\u00ed) \u00e1ramlik, amelynek egyens\u00falya elengedhetetlen az eg\u00e9szs\u00e9g fenntart\u00e1s\u00e1hoz. Ha ez az energiah\u00e1l\u00f3zat \u2013 amely a meridi\u00e1nokon kereszt\u00fcl h\u00faz\u00f3dik v\u00e9gig \u2013 elakad vagy egyens\u00falya felborul, [&hellip;]<\/p>\n","protected":false},"author":9,"featured_media":5899,"comment_status":"closed","ping_status":"closed","sticky":false,"template":"","format":"standard","meta":{"footnotes":""},"categories":[50],"tags":[],"class_list":["post-3614","post","type-post","status-publish","format-standard","has-post-thumbnail","hentry","category-kiegeszito-terapiak"],"yoast_head":"<!-- This site is optimized with the Yoast SEO Premium plugin v19.5 (Yoast SEO v27.4) - https:\/\/yoast.com\/product\/yoast-seo-premium-wordpress\/ -->\n<title>Akupunkt\u00fara - Calendula Klinika - Si\u00f3fok<\/title>\n<meta name=\"description\" content=\"Akupunkt\u00far\u00e1s kezel\u00e9s orvos fel\u00fcgyelete alatt Si\u00f3fok k\u00f6zel\u00e9ben. F\u00e1jdalom- \u00e9s mell\u00e9khat\u00e1smentes holisztikus m\u00f3dszer a f\u00e1jdalomcsillap\u00edt\u00e1sra.\" \/>\n<meta name=\"robots\" content=\"index, follow, max-snippet:-1, max-image-preview:large, max-video-preview:-1\" \/>\n<link rel=\"canonical\" href=\"https:\/\/calendula.hu\/sk\/akupunktura\/\" \/>\n<meta property=\"og:locale\" content=\"sk_SK\" \/>\n<meta property=\"og:type\" content=\"article\" \/>\n<meta property=\"og:title\" content=\"Akupunkt\u00fara\" \/>\n<meta property=\"og:description\" content=\"Akupunkt\u00far\u00e1s kezel\u00e9s orvos fel\u00fcgyelete alatt Si\u00f3fok k\u00f6zel\u00e9ben. F\u00e1jdalom- \u00e9s mell\u00e9khat\u00e1smentes holisztikus m\u00f3dszer a f\u00e1jdalomcsillap\u00edt\u00e1sra.\" \/>\n<meta property=\"og:url\" content=\"https:\/\/calendula.hu\/sk\/akupunktura\/\" \/>\n<meta property=\"og:site_name\" content=\"Calendula Klinika - Si\u00f3fok\" \/>\n<meta property=\"article:published_time\" content=\"2023-02-18T16:48:26+00:00\" \/>\n<meta property=\"article:modified_time\" content=\"2026-03-02T07:57:44+00:00\" \/>\n<meta property=\"og:image\" content=\"https:\/\/calendula.hu\/wp-content\/uploads\/2023\/04\/Calendula0027.jpg\" \/>\n\t<meta property=\"og:image:width\" content=\"1920\" \/>\n\t<meta property=\"og:image:height\" content=\"1255\" \/>\n\t<meta property=\"og:image:type\" content=\"image\/jpeg\" \/>\n<meta name=\"author\" content=\"Calendula\" \/>\n<meta name=\"twitter:card\" content=\"summary_large_image\" \/>\n<meta name=\"twitter:label1\" content=\"Autor\" \/>\n\t<meta name=\"twitter:data1\" content=\"Calendula\" \/>\n\t<meta name=\"twitter:label2\" content=\"Predpokladan\u00fd \u010das \u010d\u00edtania\" \/>\n\t<meta name=\"twitter:data2\" content=\"2 min\u00faty\" \/>\n<script type=\"application\/ld+json\" class=\"yoast-schema-graph\">{\"@context\":\"https:\\\/\\\/schema.org\",\"@graph\":[{\"@type\":\"Article\",\"@id\":\"https:\\\/\\\/calendula.hu\\\/akupunktura\\\/#article\",\"isPartOf\":{\"@id\":\"https:\\\/\\\/calendula.hu\\\/akupunktura\\\/\"},\"author\":{\"name\":\"Calendula\",\"@id\":\"https:\\\/\\\/calendula.hu\\\/#\\\/schema\\\/person\\\/998d88d990182b1b0a239208cce19f7f\"},\"headline\":\"Akupunkt\u00fara\",\"datePublished\":\"2023-02-18T16:48:26+00:00\",\"dateModified\":\"2026-03-02T07:57:44+00:00\",\"mainEntityOfPage\":{\"@id\":\"https:\\\/\\\/calendula.hu\\\/akupunktura\\\/\"},\"wordCount\":542,\"image\":{\"@id\":\"https:\\\/\\\/calendula.hu\\\/akupunktura\\\/#primaryimage\"},\"thumbnailUrl\":\"https:\\\/\\\/calendula.hu\\\/wp-content\\\/uploads\\\/2023\\\/04\\\/Calendula0027.jpg\",\"articleSection\":[\"Kieg\u00e9sz\u00edt\u0151 ter\u00e1pi\u00e1k\"],\"inLanguage\":\"sk-SK\"},{\"@type\":\"WebPage\",\"@id\":\"https:\\\/\\\/calendula.hu\\\/akupunktura\\\/\",\"url\":\"https:\\\/\\\/calendula.hu\\\/akupunktura\\\/\",\"name\":\"Akupunkt\u00fara - Calendula Klinika - Si\u00f3fok\",\"isPartOf\":{\"@id\":\"https:\\\/\\\/calendula.hu\\\/#website\"},\"primaryImageOfPage\":{\"@id\":\"https:\\\/\\\/calendula.hu\\\/akupunktura\\\/#primaryimage\"},\"image\":{\"@id\":\"https:\\\/\\\/calendula.hu\\\/akupunktura\\\/#primaryimage\"},\"thumbnailUrl\":\"https:\\\/\\\/calendula.hu\\\/wp-content\\\/uploads\\\/2023\\\/04\\\/Calendula0027.jpg\",\"datePublished\":\"2023-02-18T16:48:26+00:00\",\"dateModified\":\"2026-03-02T07:57:44+00:00\",\"author\":{\"@id\":\"https:\\\/\\\/calendula.hu\\\/#\\\/schema\\\/person\\\/998d88d990182b1b0a239208cce19f7f\"},\"description\":\"Akupunkt\u00far\u00e1s kezel\u00e9s orvos fel\u00fcgyelete alatt Si\u00f3fok k\u00f6zel\u00e9ben. F\u00e1jdalom- \u00e9s mell\u00e9khat\u00e1smentes holisztikus m\u00f3dszer a f\u00e1jdalomcsillap\u00edt\u00e1sra.\",\"breadcrumb\":{\"@id\":\"https:\\\/\\\/calendula.hu\\\/akupunktura\\\/#breadcrumb\"},\"inLanguage\":\"sk-SK\",\"potentialAction\":[{\"@type\":\"ReadAction\",\"target\":[\"https:\\\/\\\/calendula.hu\\\/akupunktura\\\/\"]}]},{\"@type\":\"ImageObject\",\"inLanguage\":\"sk-SK\",\"@id\":\"https:\\\/\\\/calendula.hu\\\/akupunktura\\\/#primaryimage\",\"url\":\"https:\\\/\\\/calendula.hu\\\/wp-content\\\/uploads\\\/2023\\\/04\\\/Calendula0027.jpg\",\"contentUrl\":\"https:\\\/\\\/calendula.hu\\\/wp-content\\\/uploads\\\/2023\\\/04\\\/Calendula0027.jpg\",\"width\":1920,\"height\":1255},{\"@type\":\"BreadcrumbList\",\"@id\":\"https:\\\/\\\/calendula.hu\\\/akupunktura\\\/#breadcrumb\",\"itemListElement\":[{\"@type\":\"ListItem\",\"position\":1,\"name\":\"Home\",\"item\":\"https:\\\/\\\/calendula.hu\\\/\"},{\"@type\":\"ListItem\",\"position\":2,\"name\":\"Akupunkt\u00fara\"}]},{\"@type\":\"WebSite\",\"@id\":\"https:\\\/\\\/calendula.hu\\\/#website\",\"url\":\"https:\\\/\\\/calendula.hu\\\/\",\"name\":\"Calendula Klinika - Si\u00f3fok\",\"description\":\"\",\"potentialAction\":[{\"@type\":\"SearchAction\",\"target\":{\"@type\":\"EntryPoint\",\"urlTemplate\":\"https:\\\/\\\/calendula.hu\\\/?s={search_term_string}\"},\"query-input\":{\"@type\":\"PropertyValueSpecification\",\"valueRequired\":true,\"valueName\":\"search_term_string\"}}],\"inLanguage\":\"sk-SK\"},{\"@type\":\"Person\",\"@id\":\"https:\\\/\\\/calendula.hu\\\/#\\\/schema\\\/person\\\/998d88d990182b1b0a239208cce19f7f\",\"name\":\"Calendula\",\"image\":{\"@type\":\"ImageObject\",\"inLanguage\":\"sk-SK\",\"@id\":\"https:\\\/\\\/secure.gravatar.com\\\/avatar\\\/249690c24b1161d99c031505025f1c47094231ba25ba1e283905794866d6bb22?s=96&d=mm&r=g\",\"url\":\"https:\\\/\\\/secure.gravatar.com\\\/avatar\\\/249690c24b1161d99c031505025f1c47094231ba25ba1e283905794866d6bb22?s=96&d=mm&r=g\",\"contentUrl\":\"https:\\\/\\\/secure.gravatar.com\\\/avatar\\\/249690c24b1161d99c031505025f1c47094231ba25ba1e283905794866d6bb22?s=96&d=mm&r=g\",\"caption\":\"Calendula\"},\"url\":\"https:\\\/\\\/calendula.hu\\\/sk\\\/author\\\/calendula\\\/\"}]}<\/script>\n<!-- \/ Yoast SEO Premium plugin. -->","yoast_head_json":{"title":"Akupunkt\u00fara - Calendula Klinika - Si\u00f3fok","description":"Akupunkt\u00far\u00e1s kezel\u00e9s orvos fel\u00fcgyelete alatt Si\u00f3fok k\u00f6zel\u00e9ben. F\u00e1jdalom- \u00e9s mell\u00e9khat\u00e1smentes holisztikus m\u00f3dszer a f\u00e1jdalomcsillap\u00edt\u00e1sra.","robots":{"index":"index","follow":"follow","max-snippet":"max-snippet:-1","max-image-preview":"max-image-preview:large","max-video-preview":"max-video-preview:-1"},"canonical":"https:\/\/calendula.hu\/sk\/akupunktura\/","og_locale":"sk_SK","og_type":"article","og_title":"Akupunkt\u00fara","og_description":"Akupunkt\u00far\u00e1s kezel\u00e9s orvos fel\u00fcgyelete alatt Si\u00f3fok k\u00f6zel\u00e9ben. F\u00e1jdalom- \u00e9s mell\u00e9khat\u00e1smentes holisztikus m\u00f3dszer a f\u00e1jdalomcsillap\u00edt\u00e1sra.","og_url":"https:\/\/calendula.hu\/sk\/akupunktura\/","og_site_name":"Calendula Klinika - Si\u00f3fok","article_published_time":"2023-02-18T16:48:26+00:00","article_modified_time":"2026-03-02T07:57:44+00:00","og_image":[{"width":1920,"height":1255,"url":"https:\/\/calendula.hu\/wp-content\/uploads\/2023\/04\/Calendula0027.jpg","type":"image\/jpeg"}],"author":"Calendula","twitter_card":"summary_large_image","twitter_misc":{"Autor":"Calendula","Predpokladan\u00fd \u010das \u010d\u00edtania":"2 min\u00faty"},"schema":{"@context":"https:\/\/schema.org","@graph":[{"@type":"Article","@id":"https:\/\/calendula.hu\/akupunktura\/#article","isPartOf":{"@id":"https:\/\/calendula.hu\/akupunktura\/"},"author":{"name":"Calendula","@id":"https:\/\/calendula.hu\/#\/schema\/person\/998d88d990182b1b0a239208cce19f7f"},"headline":"Akupunkt\u00fara","datePublished":"2023-02-18T16:48:26+00:00","dateModified":"2026-03-02T07:57:44+00:00","mainEntityOfPage":{"@id":"https:\/\/calendula.hu\/akupunktura\/"},"wordCount":542,"image":{"@id":"https:\/\/calendula.hu\/akupunktura\/#primaryimage"},"thumbnailUrl":"https:\/\/calendula.hu\/wp-content\/uploads\/2023\/04\/Calendula0027.jpg","articleSection":["Kieg\u00e9sz\u00edt\u0151 ter\u00e1pi\u00e1k"],"inLanguage":"sk-SK"},{"@type":"WebPage","@id":"https:\/\/calendula.hu\/akupunktura\/","url":"https:\/\/calendula.hu\/akupunktura\/","name":"Akupunkt\u00fara - Calendula Klinika - Si\u00f3fok","isPartOf":{"@id":"https:\/\/calendula.hu\/#website"},"primaryImageOfPage":{"@id":"https:\/\/calendula.hu\/akupunktura\/#primaryimage"},"image":{"@id":"https:\/\/calendula.hu\/akupunktura\/#primaryimage"},"thumbnailUrl":"https:\/\/calendula.hu\/wp-content\/uploads\/2023\/04\/Calendula0027.jpg","datePublished":"2023-02-18T16:48:26+00:00","dateModified":"2026-03-02T07:57:44+00:00","author":{"@id":"https:\/\/calendula.hu\/#\/schema\/person\/998d88d990182b1b0a239208cce19f7f"},"description":"Akupunkt\u00far\u00e1s kezel\u00e9s orvos fel\u00fcgyelete alatt Si\u00f3fok k\u00f6zel\u00e9ben. F\u00e1jdalom- \u00e9s mell\u00e9khat\u00e1smentes holisztikus m\u00f3dszer a f\u00e1jdalomcsillap\u00edt\u00e1sra.","breadcrumb":{"@id":"https:\/\/calendula.hu\/akupunktura\/#breadcrumb"},"inLanguage":"sk-SK","potentialAction":[{"@type":"ReadAction","target":["https:\/\/calendula.hu\/akupunktura\/"]}]},{"@type":"ImageObject","inLanguage":"sk-SK","@id":"https:\/\/calendula.hu\/akupunktura\/#primaryimage","url":"https:\/\/calendula.hu\/wp-content\/uploads\/2023\/04\/Calendula0027.jpg","contentUrl":"https:\/\/calendula.hu\/wp-content\/uploads\/2023\/04\/Calendula0027.jpg","width":1920,"height":1255},{"@type":"BreadcrumbList","@id":"https:\/\/calendula.hu\/akupunktura\/#breadcrumb","itemListElement":[{"@type":"ListItem","position":1,"name":"Home","item":"https:\/\/calendula.hu\/"},{"@type":"ListItem","position":2,"name":"Akupunkt\u00fara"}]},{"@type":"WebSite","@id":"https:\/\/calendula.hu\/#website","url":"https:\/\/calendula.hu\/","name":"Klinika Calendula - Siofok","description":"","potentialAction":[{"@type":"SearchAction","target":{"@type":"EntryPoint","urlTemplate":"https:\/\/calendula.hu\/?s={search_term_string}"},"query-input":{"@type":"PropertyValueSpecification","valueRequired":true,"valueName":"search_term_string"}}],"inLanguage":"sk-SK"},{"@type":"Person","@id":"https:\/\/calendula.hu\/#\/schema\/person\/998d88d990182b1b0a239208cce19f7f","name":"Calendula","image":{"@type":"ImageObject","inLanguage":"sk-SK","@id":"https:\/\/secure.gravatar.com\/avatar\/249690c24b1161d99c031505025f1c47094231ba25ba1e283905794866d6bb22?s=96&d=mm&r=g","url":"https:\/\/secure.gravatar.com\/avatar\/249690c24b1161d99c031505025f1c47094231ba25ba1e283905794866d6bb22?s=96&d=mm&r=g","contentUrl":"https:\/\/secure.gravatar.com\/avatar\/249690c24b1161d99c031505025f1c47094231ba25ba1e283905794866d6bb22?s=96&d=mm&r=g","caption":"Calendula"},"url":"https:\/\/calendula.hu\/sk\/author\/calendula\/"}]}},"_links":{"self":[{"href":"https:\/\/calendula.hu\/sk\/wp-json\/wp\/v2\/posts\/3614","targetHints":{"allow":["GET"]}}],"collection":[{"href":"https:\/\/calendula.hu\/sk\/wp-json\/wp\/v2\/posts"}],"about":[{"href":"https:\/\/calendula.hu\/sk\/wp-json\/wp\/v2\/types\/post"}],"author":[{"embeddable":true,"href":"https:\/\/calendula.hu\/sk\/wp-json\/wp\/v2\/users\/9"}],"replies":[{"embeddable":true,"href":"https:\/\/calendula.hu\/sk\/wp-json\/wp\/v2\/comments?post=3614"}],"version-history":[{"count":43,"href":"https:\/\/calendula.hu\/sk\/wp-json\/wp\/v2\/posts\/3614\/revisions"}],"predecessor-version":[{"id":12701,"href":"https:\/\/calendula.hu\/sk\/wp-json\/wp\/v2\/posts\/3614\/revisions\/12701"}],"wp:featuredmedia":[{"embeddable":true,"href":"https:\/\/calendula.hu\/sk\/wp-json\/wp\/v2\/media\/5899"}],"wp:attachment":[{"href":"https:\/\/calendula.hu\/sk\/wp-json\/wp\/v2\/media?parent=3614"}],"wp:term":[{"taxonomy":"category","embeddable":true,"href":"https:\/\/calendula.hu\/sk\/wp-json\/wp\/v2\/categories?post=3614"},{"taxonomy":"post_tag","embeddable":true,"href":"https:\/\/calendula.hu\/sk\/wp-json\/wp\/v2\/tags?post=3614"}],"curies":[{"name":"wp","href":"https:\/\/api.w.org\/{rel}","templated":true}]}}